{"id":63024,"date":"2018-03-08T00:00:00","date_gmt":"2018-03-08T06:00:00","guid":{"rendered":"https:\/\/dralvarez.com.mx\/larevista\/blog\/sectur-promueve-a-campeche-en-la-itb-berlin-22773"},"modified":"2018-03-08T00:00:00","modified_gmt":"2018-03-08T06:00:00","slug":"sectur-promueve-a-campeche-en-la-itb-berlin-22773","status":"publish","type":"post","link":"https:\/\/dralvarez.com.mx\/larevista\/compeche\/sectur-promueve-a-campeche-en-la-itb-berlin-22773","title":{"rendered":"SECTUR promueve a Campeche en la ITB Berl\u00ecn"},"content":{"rendered":"<p>Con el objetivo de reforzar la promoci\u00f3n de nuestra Entidad en uno de los mercados tur\u00edsticos m\u00e1s fuertes, el titular de la Secretar\u00eda de Turismo del Gobierno del Estado (SECTUR), Jorge Manos Esparragoza, encabeza la delegaci\u00f3n que participa en la Feria Internacional de Turismo de Berl\u00edn, Alemania, (ITB 2018), en su edici\u00f3n n\u00famero 52, uno de los eventos m\u00e1s importantes del mundo en el sector turismo, negocios y de viajes.<\/p>\n<p>La ITB 2018 Berl\u00edn, que se celebra del 07 al 11 de marzo, es la plataforma ideal para que visitantes conozcan otras partes del mundo, adem\u00e1s de que es una excelente oportunidad para reunirse con socios comerciales, ya que este a\u00f1o se prev\u00e9 superar los m\u00e1s de 180 mil visitantes alcanzados el a\u00f1o pasado; centr\u00e1ndose en el turismo responsable, de aventura y ecol\u00f3gico.<\/p>\n<p>Cabe se\u00f1alar que en 2017 se recibieron 227 mil 352 visitantes provenientes de Alemania, en comparaci\u00f3n con el a\u00f1o 2015 donde se recibieron \u00fanicamente 197 mil 172, mostrando un incremento notable en dos a\u00f1os.<\/p>\n<p>De igual forma, la ITB ha funcionado como escaparate de mega tendencias del mercado, entre ellas el auge de los dispositivos m\u00f3viles para las reservas de viajes, algo cada vez m\u00e1s habitual; asimismo, las p\u00e1ginas web de viajes son cada vez m\u00e1s atractivas, r\u00e1pidas y c\u00f3modas, gracias a los avances de las soluciones de software, por ello es importante la actualizaci\u00f3n de nuevas estrategias tur\u00edsticas, para poder vender a Campeche como un producto de calidad como destino.<\/p>\n<p>Las actividades principales de la delegaci\u00f3n campechana son promocionar a la Entidad como destino tur\u00edstico, mediante citas de trabajo con socios comerciales, agencias de viajes y tour operadores mayoristas del mercado alem\u00e1n; dentro de la promoci\u00f3n se enfatizaran los atractivos m\u00e1s importantes del Estado, destacando a Calakmul y Miguel Colorado, como pr\u00e1ctica para el turismo de naturaleza y aventura.<\/p>\n<p>Por su parte, el titular de la SECTUR se\u00f1al\u00f3 que la promoci\u00f3n tur\u00edstica del Estado debe ser constante, siempre buscando nuevos mercados en el mundo para posicionar a Campeche como el mejor destino de naturaleza, aventura y descanso de todo el pa\u00eds.<\/p>\n","protected":false},"excerpt":{"rendered":"<p>Con el objetivo de reforzar la promoci\u00f3n de nuestra Entidad en uno de los mercados tur\u00edsticos m\u00e1s fuertes.<\/p>\n","protected":false},"author":1018,"featured_media":0,"comment_status":"open","ping_status":"open","sticky":false,"template":"","format":"standard","meta":{"tdm_status":"","tdm_grid_status":"","footnotes":""},"categories":[27],"tags":[],"_links":{"self":[{"href":"https:\/\/dralvarez.com.mx\/larevista\/wp-json\/wp\/v2\/posts\/63024"}],"collection":[{"href":"https:\/\/dralvarez.com.mx\/larevista\/wp-json\/wp\/v2\/posts"}],"about":[{"href":"https:\/\/dralvarez.com.mx\/larevista\/wp-json\/wp\/v2\/types\/post"}],"author":[{"embeddable":true,"href":"https:\/\/dralvarez.com.mx\/larevista\/wp-json\/wp\/v2\/users\/1018"}],"replies":[{"embeddable":true,"href":"https:\/\/dralvarez.com.mx\/larevista\/wp-json\/wp\/v2\/comments?post=63024"}],"version-history":[{"count":0,"href":"https:\/\/dralvarez.com.mx\/larevista\/wp-json\/wp\/v2\/posts\/63024\/revisions"}],"wp:attachment":[{"href":"https:\/\/dralvarez.com.mx\/larevista\/wp-json\/wp\/v2\/media?parent=63024"}],"wp:term":[{"taxonomy":"category","embeddable":true,"href":"https:\/\/dralvarez.com.mx\/larevista\/wp-json\/wp\/v2\/categories?post=63024"},{"taxonomy":"post_tag","embeddable":true,"href":"https:\/\/dralvarez.com.mx\/larevista\/wp-json\/wp\/v2\/tags?post=63024"}],"curies":[{"name":"wp","href":"https:\/\/api.w.org\/{rel}","templated":true}]}}