{"id":63022,"date":"2018-03-08T00:00:00","date_gmt":"2018-03-08T06:00:00","guid":{"rendered":"https:\/\/dralvarez.com.mx\/larevista\/blog\/gobernador-amc-y-director-general-de-pemex-conviven-con-trabajadores-de-la-salud-de-la-empresa-mexicana-22771"},"modified":"2018-03-08T00:00:00","modified_gmt":"2018-03-08T06:00:00","slug":"gobernador-amc-y-director-general-de-pemex-conviven-con-trabajadores-de-la-salud-de-la-empresa-mexicana-22771","status":"publish","type":"post","link":"https:\/\/dralvarez.com.mx\/larevista\/compeche\/gobernador-amc-y-director-general-de-pemex-conviven-con-trabajadores-de-la-salud-de-la-empresa-mexicana-22771","title":{"rendered":"Gobernador AMC y director general de PEMEX conviven con trabajadores de la salud de la empresa mexicana"},"content":{"rendered":"<p>\u201cPemex es una gran empresa a la que hay que reconocerle lo mucho que ha aportado no s\u00f3lo al estado, sino al pa\u00eds\u201d, se\u00f1al\u00f3 el gobernador Alejandro Moreno C\u00e1rdenas, al encabezar con el director general de la empresa petrolera,  Carlos Alberto Trevi\u00f1o Medina, la cena de gala del S\u00e9ptimo Congreso Internacional de los Servicios de Salud de Petr\u00f3leos Mexicanos que se realiza desde el pasado lunes en esta ciudad.<\/p>\n<p> Ante cerca de 800 trabajadores del sector salud de Pemex, entre m\u00e9dicos, enfermeras y auxiliares, Moreno C\u00e1rdenas dijo que en el estado se han realizado obras y entregado equipamiento con recursos donados por Petr\u00f3leos Mexicanos, por lo que extern\u00f3 su reconocimiento a la compa\u00f1\u00eda mexicana.<\/p>\n<p>Moreno C\u00e1rdenas dio la bienvenida a los participantes de este encuentro y los invit\u00f3 a disfrutar de la paz, armon\u00eda y seguridad que se vive en  Campeche. <\/p>\n<p>Durante la cena que se realiz\u00f3 en el Centro de Convenciones y Exposiciones \u201cCampeche XXI\u201d, el mandatario estatal asegur\u00f3 que los mexicanos reconocen en Pemex a una instituci\u00f3n que presta servicios de salud de calidad.<\/p>\n<p>Por su parte, Trevi\u00f1o Medina se\u00f1al\u00f3 que con este tipo de eventos el servicio m\u00e9dico de Pemex se pone a la vanguardia, pues adem\u00e1s de ser un espacio para intercambiar ideas y experiencias, los profesionales de la salud se capacitan y de esta manera pueden seguir brindando atenci\u00f3n de excelencia.<\/p>\n<p>\u201cPemex cumple 80 a\u00f1os y eso nos motiva a ver todo lo que se ha hecho para consolidarla como una empresa l\u00edder a nivel mundial y en lo que ha contribuido para que M\u00e9xico tenga mejor infraestructura educativa, de comunicaciones y hospitalaria\u201d, indic\u00f3.<\/p>\n<p>El congreso que concluye ma\u00f1ana se realiza con la finalidad de que el personal de la Subdirecci\u00f3n de Servicios de Salud de Petr\u00f3leos Mexicanos, intercambie experiencias, fomente el acercamiento y actualice sus conocimientos en temas de enfermedades cr\u00f3nico degenerativas, medicina preventiva, calidad y seguridad del paciente, as\u00ed como para elevar la calidad \u00e9tica, cient\u00edfica y t\u00e9cnica.<\/p>\n<p>Tambi\u00e9n estuvieron presentes, el subdirector de Servicios de Salud de Pemex, Marco Antonio Navarrete Prida, y los secretarios de Salud, y de Desarrollo Energ\u00e9tico Sustentable, Rafael Rodr\u00edguez Cabrera y Eduardo Reyes S\u00e1nchez, respectivamente. <\/p>\n<p><b>Palabras del Gobernador del Estado, Alejandro Moreno C\u00e1rdenas<\/b><\/p>\n<p>Muy buenas tardes, amigas y amigos de Champot\u00f3n que hoy nos acompa\u00f1an, de las diferentes comunidades que hoy est\u00e1n aqu\u00ed con nosotros. Quiero agradecerles, en primer\u00edsimo lugar, su presencia, su tiempo, su paciencia, para estar en este evento importante. Bien se ha dicho aqu\u00ed, lo ha dicho Juan, lo ha dicho Griselda, el compromiso que hemos asumido desde el primer d\u00eda de mi gobierno por apoyar, por respaldar a la gente trabajadora y comprometida del campo.<\/p>\n<p>Hoy, estamos haciendo entregas de apoyos y programas importantes para todos; y se ha dicho aqu\u00ed con un gran entusiasmo, con una gran actitud, como lo ha dicho Griselda\u2026 por primera vez se va a entregar el programa PESA en Champot\u00f3n y no es algo menor porque estaremos beneficiando a 705 familias de 25 localidades. Y que ello nos permite darles un respaldo y un apoyo para que puedan ir teniendo una mejor calidad en el trabajo, en el compromiso para llevar la alimentaci\u00f3n a sus familias.<\/p>\n<p>Tambi\u00e9n, hemos hecho un compromiso con este gran municipio. El municipio de Champot\u00f3n es un orgullo para Campeche, es un municipio fuerte, es un municipio s\u00f3lido que todos los d\u00edas, con base en el esfuerzo, el trabajo de nuestros ca\u00f1eros, de nuestros productores, de nuestros pescadores, de nuestros ganaderos, de todos, estamos fortaleciendo el campo aqu\u00ed en Champot\u00f3n. Por ello, hoy lo quiero reiterar con claridad y con firmeza, como es, hoy trabajamos juntos y en equipo con el Gobierno de la Rep\u00fablica que encabeza el presidente Enrique Pe\u00f1a Nieto; y en el trabajo comprometido para que los tres \u00f3rdenes de gobierno respaldemos con todo a los champotoneros.<\/p>\n<p>Hoy le reitero no s\u00f3lo mi afecto, mi aprecio y mi amistad, sino todo el apoyo de mi gobierno al presidente municipal, a Ra\u00fal Uribe.<br \/>Muchas gracias, Ra\u00fal, por tu trabajo, por tu apoyo y por el compromiso con los champotoneros. Porque as\u00ed, es la \u00fanica forma que tenemos para ir construyendo m\u00e1s y mejores oportunidades para ustedes. Tan s\u00f3lo en el 2018, a los 200 jag\u00fceyes que ya se han construido, vamos a implementar 100 jag\u00fceyes m\u00e1s, 78 pozos ganaderos m\u00e1s y eso nos ayuda a darles m\u00e1s oportunidades, m\u00e1s elementos para que puedan tener mejores oportunidades en sus tierras.<\/p>\n<p>Hice un compromiso en mi campa\u00f1a pol\u00edtica, hice un compromiso con todos y cada uno de ustedes y no tengan ni la menor duda que todos y cada uno de ellos los vamos a cumplir. \u00bfY qu\u00e9 pasaba en mi campa\u00f1a? \u00bfQu\u00e9 pasa cuando vamos a las giras? Las mujeres, los hombres el campo nos dicen: Gobernador, mi camino no est\u00e1 bien, mi camino est\u00e1 destruido, necesitamos llegar a los centros de cultivo, necesitamos llegar para tener buen producto y poderlo llevar por buenos caminos.<\/p>\n<p>Me han hecho peticiones y les he dicho: \u201cHoy, aqu\u00ed, con esta maquinaria, como nunca, con excavadoras, con motoconformadoras, con tractores, con trascabos, eso es para hacer esos caminos y aqu\u00ed va a estar la Sagarpa y el Gobierno del Estado, con la SDR, para apoyarlos en sus caminos y para que vayamos cumpliendo con cada una de las demanda que tienen ustedes, para los centros de producci\u00f3n.<br \/>Tambi\u00e9n, me comentan y me comparten, cuando estamos en las comunidades o en las giras: Gobernador, hace falta una cancha, hace falta electrificaci\u00f3n, hace falta apoyar con los programas a nuestras mujeres; y estamos atentos de ello y le estamos cumpliendo a nuestra gente. Y hemos hecho el compromiso, que las peticiones que nos han hecho en diferentes localidades y comunidades, estaremos trabajando para atenderlas y para resolverlas.<\/p>\n<p>Y as\u00ed como lo hice hace unos d\u00edas en el municipio de Esc\u00e1rcega, donde hicimos el compromiso de que en el 2018 todas y cada una de las localidades, hasta la \u00faltima rancher\u00eda iba a estar electrificada, vamos a trabajar en Champot\u00f3n, tambi\u00e9n, para que en Campeche, hoy, en todo el Estado y en todos los municipios, tengamos ese compromiso con nuestra gente. Y quiero decirles que hoy, a poco m\u00e1s de dos a\u00f1os y medio de mi gobierno y con el respaldo total del Presidente de la Rep\u00fablica, Enrique Pe\u00f1a Nieto, tenemos en electrificaci\u00f3n, en el Estado de Campeche, con las dos nuevas subestaciones el\u00e9ctricas, con una inversi\u00f3n de m\u00e1s de 400 millones de pesos, pr\u00e1cticamente el 99% de los campechanos tenemos todo electrificado. As\u00ed que, vamos a trabajar en el 2018 y en mi administraci\u00f3n, para que el 100% de nuestro Estado est\u00e9 electrificado.<\/p>\n<p>Y aqu\u00ed estamos, aqu\u00ed est\u00e1 nuestra gente de las comunidades y aprovecho para decirles que este es un solo equipo, es un s\u00f3lo equipo de trabajo. S\u00f3lo trabajando juntos vamos a alcanzar las grandes metas que nos ponemos por delante. Por eso, quiero reconocerles a los diputados locales su trabajo y su compromiso; a los presidentes municipales de Esc\u00e1rcega y de Calkin\u00ed; a las autoridades federales; a nuestros mandos militares y navales; a los tres \u00f3rdenes de gobierno; la presencia de mi amigo, a don Carlos Seoane que est\u00e1 aqu\u00ed con nosotros, a su hijo Carlos; a todos porque hoy lo que necesitamos es trabajar juntos y trabajar en equipo.<\/p>\n<p>Lo quiero decir como es, con mucha firmeza y con mucha claridad, ante aquellos incr\u00e9dulos, ante aquellos que no les gusta reconocer lo bueno que se hace, ante aquellos que est\u00e1n en contra de todo y a favor de nada; a todos ellos hoy les decimos: Aqu\u00ed estamos trabajando con nuestra gente, aqu\u00ed estamos trabajando para que tengan m\u00e1s y mejores oportunidades, aqu\u00ed estamos trabajando para que tengamos un Estado en paz, en armon\u00eda, pero con mejores oportunidades.<\/p>\n<p>Y quiero compartir algo con ustedes, con nuestra gente, para que quede muy claro, el mejor amigo y el mejor aliado que tiene Campeche es el presidente de la Rep\u00fablica, Enrique Pe\u00f1a Nieto; pero el mejor amigo y el mejor aliado que ustedes van a tener siempre, es su amigo el gobernador Alejandro Moreno. Porque que se escuche bien y que se escuche fuerte, soy Gobernador de Campeche gracias a todos y cada uno de ustedes. Porque todos ustedes me ayudaron, todos ustedes me respaldaron y siempre he dicho que en pol\u00edtica y en la vida, hay que tener palabra, pero lo m\u00e1s importante, hay que cumplir la palabra.<\/p>\n<p>Hay que cumplir los compromisos que asumimos con nuestra gente, con la gente del campo, porque es la gente comprometida, trabajadora que todos los d\u00edas sale a trabajar para llevar los alimentos a la mesa de la familia. Por eso, aqu\u00ed, hay tres cosas fundamentales: La confianza se gana, el respeto se da y la lealtad se demuestra; si se falla en una, se pierden las tres. Aqu\u00ed tenemos confianza, aqu\u00ed hay palabra, aqu\u00ed hay compromiso, aqu\u00ed hay respeto, aqu\u00ed hay lealtad hacia el sector m\u00e1s importante que es el campo.<br \/>Por ello, en este compromiso de trabajo, tenemos que construir el mejor Champot\u00f3n de todos los tiempos, tenemos que tener orgullo, tenemos que tener car\u00e1cter, tenemos que tener voluntad y eso depende de todos y de cada uno de nosotros.<\/p>\n<p>Y aprovechando esta oportunidad, quiero decirles que hemos impulsado programas muy importantes, programas en el sector educativo, programas que nos permiten darles m\u00e1s y mejores oportunidades a nuestros j\u00f3venes pero siempre les digo y quiero compartirlo con todas las mujeres y los hombres del campo que est\u00e1n aqu\u00ed\u2026 Ustedes saben que cuando voy a una escuela a entregar computadoras, equipamiento, muchos de los j\u00f3venes me dicen: Gobernador, queremos que sea usted padrino de nuestra generaci\u00f3n.<\/p>\n<p>Y quiero decirles a todas las mujeres, a los hombres, padres de familia que tienen hijos en los centros educativos, en el Cobacam, en el Cecytec, en el Conalep, en alguna prepa, telesecundaria, \u00bfsaben qu\u00e9 les digo a esos j\u00f3venes cuando me piden eso? Les digo: Con mucho gusto, s\u00f3lo les voy a pedir una cosa, que el d\u00eda que les entregue su constancia de estudios, ese d\u00eda les pido que inviten a sus pap\u00e1s. Y se los pido por una raz\u00f3n, porque ustedes saben que esos miles de j\u00f3venes campechanos son hijos de ejidatarios, orgullosamente, son hijos de campesinos, son hijos de mujeres y hombres que trabajan en el servicio dom\u00e9stico en otras casas.<\/p>\n<p>Y cada vez que pasa ese joven y le entrego su carta de estudios, le digo: Gracias al esfuerzo de tu pap\u00e1, al trabajo de tu pap\u00e1, al respaldo de tu pap\u00e1 y de tu mam\u00e1 que te mandan a la escuela, hoy t\u00fa vas a ser profesionista. Por ello, un reconocimiento a nuestra gente como ustedes que son los que ayudan, preparan y educan a los hijos en las escuelas, para que salgan adelante. Y quiero decirles a todas y a todos ustedes, como Gobernador, hemos trabajado desde el primer d\u00eda de mi administraci\u00f3n en equipo y quiero hacer un reconocimiento p\u00fablico, porque es el compromiso que tenemos con este gran sector, con el sector del campo, fuert\u00edsimo para nosotros.<\/p>\n<p>Champot\u00f3n, as\u00ed como Hopelch\u00e9n en el ma\u00edz, Champot\u00f3n es orgulloso por sus ca\u00f1eros, por sus mieleros, por los ganaderos, por los productores, este es un gran municipio, es un municipio emblem\u00e1tico, es un municipio orgulloso, es un municipio de gente buena y comprometida. Por eso, los convoco a todos a que trabajemos en equipo.<\/p>\n<p><b>Entrevista al Gobernador del Estado, Alejandro Moreno C\u00e1rdenas<\/b><\/p>\n<\/p>\n<p><b>Pregunta<\/b>.-<br \/>\nM\u00e1s del 50% de sus compromisos cumplidos\u2026<\/p>\n<p><b>Gobernador<br \/>\nAlejandro Moreno C\u00e1rdenas<\/b>.- Algo que es muy importante y le<br \/>\nquiero reconocer mucho a los medios de comunicaci\u00f3n, siempre la informaci\u00f3n<br \/>\nclara, pronta, ante las gestiones que se tienen todos los d\u00edas. Estamos<br \/>\ncumpliendo, es un compromiso importante en nuestra administraci\u00f3n darle<br \/>\nsoluciones favorables a nuestra gente y hoy, como nunca, en programas<br \/>\nimportantes como el PESA, en el tema del campo, que nunca se hab\u00eda entregado en<br \/>\nel municipio de Champot\u00f3n. Estamos trabajando muy coordinadamente con el<br \/>\npresidente municipal, y que se est\u00e1n entregando apoyos que nunca se hab\u00edan<br \/>\ntenido&#8230; estos m\u00f3dulos de maquinaria que se est\u00e1n entregando y que vamos a<br \/>\ntener, el Gobierno del Estado, para trabajar en todos los caminos saca cosechas<br \/>\nde los productores. Y darle esa certeza y esa certidumbre a nuestra gente, y<br \/>\ndemostrar que Champot\u00f3n es un gran municipio, es un municipio orgullosamente<br \/>\npara todos y cada uno de los campechanos, productor de ca\u00f1a, productor de<br \/>\npescado, un municipio ganadero.<\/p>\n<p>&nbsp;<\/p>\n<p>Entonces, estamos muy<br \/>\ncontentos, comprometidos con la gente\u2026 Vamos a beneficiar con este programa a<br \/>\n705 familias, en el caso del PESA, 25 localidades. Estamos trabajando con el<br \/>\nsector ca\u00f1ero, est\u00e1n aqu\u00ed los propietarios del Ingenio, vamos a una gira a La<br \/>\nJoya, vamos a tener la producci\u00f3n como nunca; el tema de miel, un orgullo para<br \/>\nnuestros apicultores. Entonces, estamos muy contentos recorriendo, haciendo<br \/>\ngiras y trabajando todos los d\u00edas hasta el \u00faltimo d\u00eda de mi gobierno.<\/p>\n<p><b>Pregunta<\/b>.-<br \/>\n\u00bfDe cu\u00e1nto ser\u00e1 la inversi\u00f3n que se estar\u00eda erogando en esta entrega?<\/p>\n<p><b>Gobernador<br \/>\nAlejandro Moreno C\u00e1rdenas<\/b>.- Bueno, en esta entrega, en el<br \/>\ncaso del programa PESA, 4 millones 786 mil pesos que va directamente en el<br \/>\nmunicipio de Champot\u00f3n\u2026 Vamos a construir, ya se hicieron 200 jag\u00fceyes, en el<br \/>\n2018 y en la zona del Valle de Yohalt\u00fan vamos a hacer 100 jag\u00fceyes m\u00e1s, vamos a<br \/>\nhacer 78 pozos ganaderos m\u00e1s, 50 hect\u00e1reas de desenraice; estamos trabajando en<br \/>\nel tema de aves, en el tema de huertos. Entonces, estamos comprometidos, hay<br \/>\ninversi\u00f3n, hay apoyo, hay respaldo y eso es en beneficio de la gente<br \/>\nchampotonera.<\/p>\n<p><b>Pregunta.-<\/b> Hoy se dieron<br \/>\na conocer los montos de inversi\u00f3n para este a\u00f1o, m\u00e1s de 2 mil millones\u2026<\/p>\n<p><b>Gobernador<br \/>\nAlejandro Moreno C\u00e1rdenas<\/b>.- Exactamente\u2026 Algo muy importante,<br \/>\nuna gesti\u00f3n sin precedentes, m\u00e1s de 2 mil millones de pesos de inversi\u00f3n en<br \/>\ninfraestructura, en caminos, en el tema importante que es la comunicaci\u00f3n, las<br \/>\nbuenas vialidades; que tengamos en nuestro Estado y en cada una de nuestras<br \/>\nregiones. As\u00ed que, queda claro el compromiso decidido, el respaldo del<br \/>\npresidente de la Rep\u00fablica, Enrique Pe\u00f1a Nieto para con el Estado de Campeche.<\/p>\n<p>Estaremos trabajando,<br \/>\nestaremos comprometi\u00e9ndonos m\u00e1s en cada uno de los municipios y en los pr\u00f3ximos<br \/>\nd\u00edas har\u00e9 anuncios importantes de programas a favor de las mujeres,<br \/>\nincrementaremos las becas para los j\u00f3venes; estamos entregando m\u00e1s<br \/>\nequipamiento, computadoras, el programa de la Chromebooks con Google For<br \/>\nEducation. Entonces, estoy contento, echado para adelante y creo que a Campeche<br \/>\nle seguir\u00e1 yendo muy bien. Muchas gracias, j\u00f3venes.<\/p><\/p>\n","protected":false},"excerpt":{"rendered":"<p>\u201cPemex es una gran empresa a la que hay que reconocerle lo mucho que ha aportado no s\u00f3lo al estado, sino al pa\u00eds\u201d.<\/p>\n","protected":false},"author":1018,"featured_media":0,"comment_status":"open","ping_status":"open","sticky":false,"template":"","format":"standard","meta":{"tdm_status":"","tdm_grid_status":"","footnotes":""},"categories":[27],"tags":[],"_links":{"self":[{"href":"https:\/\/dralvarez.com.mx\/larevista\/wp-json\/wp\/v2\/posts\/63022"}],"collection":[{"href":"https:\/\/dralvarez.com.mx\/larevista\/wp-json\/wp\/v2\/posts"}],"about":[{"href":"https:\/\/dralvarez.com.mx\/larevista\/wp-json\/wp\/v2\/types\/post"}],"author":[{"embeddable":true,"href":"https:\/\/dralvarez.com.mx\/larevista\/wp-json\/wp\/v2\/users\/1018"}],"replies":[{"embeddable":true,"href":"https:\/\/dralvarez.com.mx\/larevista\/wp-json\/wp\/v2\/comments?post=63022"}],"version-history":[{"count":0,"href":"https:\/\/dralvarez.com.mx\/larevista\/wp-json\/wp\/v2\/posts\/63022\/revisions"}],"wp:attachment":[{"href":"https:\/\/dralvarez.com.mx\/larevista\/wp-json\/wp\/v2\/media?parent=63022"}],"wp:term":[{"taxonomy":"category","embeddable":true,"href":"https:\/\/dralvarez.com.mx\/larevista\/wp-json\/wp\/v2\/categories?post=63022"},{"taxonomy":"post_tag","embeddable":true,"href":"https:\/\/dralvarez.com.mx\/larevista\/wp-json\/wp\/v2\/tags?post=63022"}],"curies":[{"name":"wp","href":"https:\/\/api.w.org\/{rel}","templated":true}]}}