{"id":63020,"date":"2018-03-08T00:00:00","date_gmt":"2018-03-08T06:00:00","guid":{"rendered":"https:\/\/dralvarez.com.mx\/larevista\/blog\/abre-seduc-periodo-extraordinario-para-registro-de-no-preinscritos-en-educacion-basica-22769"},"modified":"2018-03-08T00:00:00","modified_gmt":"2018-03-08T06:00:00","slug":"abre-seduc-periodo-extraordinario-para-registro-de-no-preinscritos-en-educacion-basica-22769","status":"publish","type":"post","link":"https:\/\/dralvarez.com.mx\/larevista\/compeche\/abre-seduc-periodo-extraordinario-para-registro-de-no-preinscritos-en-educacion-basica-22769","title":{"rendered":"Abre SEDUC periodo extraordinario para registro de \u201cNo preinscritos\u201d en educaci\u00f3n b\u00e1sica"},"content":{"rendered":"<p>Para permitir el registro de los ni\u00f1os, ni\u00f1as, y j\u00f3venes que no pudieron realizar su tr\u00e1mite durante los periodos oficiales, la Secretar\u00eda de Educaci\u00f3n del Estado de Campeche (SEDUC) abre un periodo extraordinario de preinscripciones en l\u00ednea, en el que la poblaci\u00f3n interesada que no concret\u00f3 este proceso, pueda pre inscribir a sus hijos con el fin de continuar su vida acad\u00e9mica en el Estado.<\/p>\n<p>As\u00ed lo dio a conocer el director del Departamento de Inform\u00e1tica de la SEDUC, Alejandro Gallegos Valdez, quien se\u00f1al\u00f3 este periodo extraordinario tendr\u00e1 una vigencia hasta el pr\u00f3ximo d\u00eda 9 de marzo, y ser\u00e1 el \u00faltimo periodo que se lance para que quienes no hayan cumplido puedan regularizarse, y que sus menores puedan acudir de forma regular a un centro educativo.<\/p>\n<p>Precis\u00f3 que luego de concluir los periodos oficiales, a la fecha, al menos 12 personas han acudido a esta dependencia en busca de atenci\u00f3n, con la finalidad de obtener un espacio para sus hijos, por lo que se tom\u00f3 esta determinaci\u00f3n y se abre de nuevo la oportunidad para que ning\u00fan menor se quede sin estudiar.<\/p>\n<p>\u201cEn estos casos focalizados que hemos recibido, algunos que no realizaron el tr\u00e1mite por enfermedad, o en otros casos porque est\u00e1n llegando de otros estados, por eso abrimos esta oportunidad para que nadie se quede afuera y sin estudiar, el proceso est\u00e1 vigente desde el pasado 6 de marzo y concluye este 9, por lo que estamos convocando a todos los interesados en realizar el tr\u00e1mite a trav\u00e9s de la p\u00e1gina de internet\u201d, dijo.<\/p>\n<p>En este sentido, detall\u00f3 que los solicitantes deber\u00e1n de ingresar a la p\u00e1gina <a target=\"_blank\" rel=\"nofollow noopener\" href=\"http:\/\/www.preinscripcionescampeche.gob.mx\">www.preinscripcionescampeche.gob.mx<\/a>, donde deber\u00e1n de marcar tres opciones que les favorezcan de acuerdo con su vivienda o inter\u00e9s laboral y posteriormente se realizar\u00e1 una revisi\u00f3n de espacios disponibles para que sus hijos contin\u00faen su formaci\u00f3n.<\/p>\n<p>\u201cEsto lo haremos en la medida de las posibilidades de los tres centros que los padres seleccionen como prioritarios, la asignaci\u00f3n del alumno se har\u00e1 en funci\u00f3n de los espacios disponibles que tengan alguna de las escuelas que solicitaron y en caso de que no exista cupo en alguna de esas tres opciones la SEDUC les asignar\u00e1 un plantel m\u00e1s cercano que se encuentre disponible, pero est\u00e1 asegurado que todos tendr\u00e1n un lugar, un cupo para recibir su educaci\u00f3n\u201d, se\u00f1al\u00f3.<\/p>\n<p>En este sentido, Gallegos Valdez afirm\u00f3 que el proceso de Preinscripciones en L\u00ednea 2018 concluy\u00f3 con un \u00e9xito rotundo, ya que se cerr\u00f3 con un registro de 22 mil 500 alumnos, y se recibieron 548 solicitudes en el periodo denominado de \u201cNo Preinscritos\u201d.<\/p>\n<p>Por \u00faltimo, el funcionario de la SEDUC indic\u00f3 que todas las solicitudes obtenidas en este periodo extraordinario de no preinscritos, junto con las otras, ser\u00e1n revisadas en pr\u00f3ximas fechas y, una vez determinados los cupos y espacios disponibles, se les har\u00e1 de conocimiento a los padres de familia o tutores de los preinscritos.<\/p>\n","protected":false},"excerpt":{"rendered":"<p>Concluye el pr\u00f3ximo 9 de marzo.<\/p>\n","protected":false},"author":1018,"featured_media":0,"comment_status":"open","ping_status":"open","sticky":false,"template":"","format":"standard","meta":{"tdm_status":"","tdm_grid_status":"","footnotes":""},"categories":[27],"tags":[],"_links":{"self":[{"href":"https:\/\/dralvarez.com.mx\/larevista\/wp-json\/wp\/v2\/posts\/63020"}],"collection":[{"href":"https:\/\/dralvarez.com.mx\/larevista\/wp-json\/wp\/v2\/posts"}],"about":[{"href":"https:\/\/dralvarez.com.mx\/larevista\/wp-json\/wp\/v2\/types\/post"}],"author":[{"embeddable":true,"href":"https:\/\/dralvarez.com.mx\/larevista\/wp-json\/wp\/v2\/users\/1018"}],"replies":[{"embeddable":true,"href":"https:\/\/dralvarez.com.mx\/larevista\/wp-json\/wp\/v2\/comments?post=63020"}],"version-history":[{"count":0,"href":"https:\/\/dralvarez.com.mx\/larevista\/wp-json\/wp\/v2\/posts\/63020\/revisions"}],"wp:attachment":[{"href":"https:\/\/dralvarez.com.mx\/larevista\/wp-json\/wp\/v2\/media?parent=63020"}],"wp:term":[{"taxonomy":"category","embeddable":true,"href":"https:\/\/dralvarez.com.mx\/larevista\/wp-json\/wp\/v2\/categories?post=63020"},{"taxonomy":"post_tag","embeddable":true,"href":"https:\/\/dralvarez.com.mx\/larevista\/wp-json\/wp\/v2\/tags?post=63020"}],"curies":[{"name":"wp","href":"https:\/\/api.w.org\/{rel}","templated":true}]}}