{"id":63019,"date":"2018-03-08T00:00:00","date_gmt":"2018-03-08T06:00:00","guid":{"rendered":"https:\/\/dralvarez.com.mx\/larevista\/blog\/entregan-nombramiento-al-nuevo-director-general-del-infocam-22768"},"modified":"2018-03-08T00:00:00","modified_gmt":"2018-03-08T06:00:00","slug":"entregan-nombramiento-al-nuevo-director-general-del-infocam-22768","status":"publish","type":"post","link":"https:\/\/dralvarez.com.mx\/larevista\/compeche\/entregan-nombramiento-al-nuevo-director-general-del-infocam-22768","title":{"rendered":"Entregan nombramiento al nuevo director general del INFOCAM"},"content":{"rendered":"<p>Con la responsabilidad de impulsar a j\u00f3venes profesionistas, con experiencia y comprometidos con el proyecto de esta administraci\u00f3n gubernamental, el secretario de Planeaci\u00f3n (Seplan), Ram\u00f3n Arredondo Anguiano, en representaci\u00f3n del Gobernador del Estado de Campeche, Alejandro Moreno C\u00e1rdenas, entreg\u00f3 a David Joaqu\u00edn Vargas Can el nombramiento como nuevo Director General del Instituto de Informaci\u00f3n Estad\u00edstica, Geogr\u00e1fica y Catastral del Estado de Campeche (Infocam). <\/p>\n<p>Acompa\u00f1ado del personal del Infocam, el titular de la Seplan mencion\u00f3 la importancia de que el nuevo director de este instituto sea un compa\u00f1ero al cual se refiri\u00f3 como un joven comprometido al trabajo, responsable y con visi\u00f3n a impulsar el proyecto del mandatario campechano.<\/p>\n<p>Arredondo Anguiano solicit\u00f3 su apoyo para trabajar en unidad, compa\u00f1erismo y confianza con Vargas Can como nuevo Director General para mantener la buena imagen, la eficiencia y poder consolidarse como la instituci\u00f3n generadora de Informaci\u00f3n que beneficia a la sociedad campechana y al gobierno de Campeche.<\/p>\n<p>Afirm\u00f3 que el Gobernador Moreno C\u00e1rdenas, ante su compromiso con los j\u00f3venes, as\u00ed como el apoyar al crecimiento profesional de quienes demuestran responsabilidad, eficiencia laboral para fortalecer las acciones del Estado, decidi\u00f3 darle la oportunidad a Vargas Can, ya que, durante el tiempo en esta instituci\u00f3n como director de Estad\u00edstica, sin duda ha realizado un buen desarrollo en su \u00e1rea.<\/p>\n<p>Exhort\u00f3 a Vargas Can a conformar un buen equipo de trabajo, que exista buena comunicaci\u00f3n entre su personal, tal como lo pide el mandatario campechano. <\/p>\n<p>Asegur\u00f3 que el Infocam es una instituci\u00f3n noble, buena, disciplinada y a la que le tiene mucho respeto por la calidad de su personal y por el trabajo que se realiza dentro y fuera. <\/p>\n<p>Record\u00f3 que es un instituto que va m\u00e1s all\u00e1 del quehacer catastral, ya que se manejan temas estad\u00edsticos, de Desarrollo Urbano y Territorio.<\/p>\n<p>Para finalizar, el funcionario estatal agradeci\u00f3 y reconoci\u00f3 la labor realizada por Francisco Castro Azar durante el tiempo que estuvo como encargado de esta Instituci\u00f3n gubernamental.<\/p>\n","protected":false},"excerpt":{"rendered":"<p>Con la responsabilidad de impulsar a j\u00f3venes profesionistas, con experiencia y comprometidos con el proyecto de esta administraci\u00f3n gubernamental.<\/p>\n","protected":false},"author":1018,"featured_media":0,"comment_status":"open","ping_status":"open","sticky":false,"template":"","format":"standard","meta":{"tdm_status":"","tdm_grid_status":"","footnotes":""},"categories":[27],"tags":[],"_links":{"self":[{"href":"https:\/\/dralvarez.com.mx\/larevista\/wp-json\/wp\/v2\/posts\/63019"}],"collection":[{"href":"https:\/\/dralvarez.com.mx\/larevista\/wp-json\/wp\/v2\/posts"}],"about":[{"href":"https:\/\/dralvarez.com.mx\/larevista\/wp-json\/wp\/v2\/types\/post"}],"author":[{"embeddable":true,"href":"https:\/\/dralvarez.com.mx\/larevista\/wp-json\/wp\/v2\/users\/1018"}],"replies":[{"embeddable":true,"href":"https:\/\/dralvarez.com.mx\/larevista\/wp-json\/wp\/v2\/comments?post=63019"}],"version-history":[{"count":0,"href":"https:\/\/dralvarez.com.mx\/larevista\/wp-json\/wp\/v2\/posts\/63019\/revisions"}],"wp:attachment":[{"href":"https:\/\/dralvarez.com.mx\/larevista\/wp-json\/wp\/v2\/media?parent=63019"}],"wp:term":[{"taxonomy":"category","embeddable":true,"href":"https:\/\/dralvarez.com.mx\/larevista\/wp-json\/wp\/v2\/categories?post=63019"},{"taxonomy":"post_tag","embeddable":true,"href":"https:\/\/dralvarez.com.mx\/larevista\/wp-json\/wp\/v2\/tags?post=63019"}],"curies":[{"name":"wp","href":"https:\/\/api.w.org\/{rel}","templated":true}]}}