{"id":63018,"date":"2018-03-08T00:00:00","date_gmt":"2018-03-08T06:00:00","guid":{"rendered":"https:\/\/dralvarez.com.mx\/larevista\/blog\/dif-estatal-imparte-platica-sobre-derechos-de-las-personas-adultas-mayores-22767"},"modified":"2018-03-08T00:00:00","modified_gmt":"2018-03-08T06:00:00","slug":"dif-estatal-imparte-platica-sobre-derechos-de-las-personas-adultas-mayores-22767","status":"publish","type":"post","link":"https:\/\/dralvarez.com.mx\/larevista\/compeche\/dif-estatal-imparte-platica-sobre-derechos-de-las-personas-adultas-mayores-22767","title":{"rendered":"DIF Estatal imparte pl\u00e1tica sobre derechos de las personas adultas mayores"},"content":{"rendered":"<p>Como parte de las acciones de prevenci\u00f3n que realiza el Sistema Estatal para el Desarrollo Integral de la Familia (DIF) por dignificar al sector vulnerable de la tercera edad, las Direcciones de Atenci\u00f3n Integral al Adulto Mayor (DAIAM) y Jur\u00eddico impartieron la pl\u00e1tica \u201cLos Derechos de las Personas Adultas Mayores\u201d, a 205 alumnos de primaria, secundaria y bachillerato del Instituto Cumbres Campeche.<\/p>\n<p>El Director Jur\u00eddico, Jorge Rodr\u00edguez Rodr\u00edguez, explic\u00f3 a los estudiantes que los abuelos representan un grupo vulnerable que merecen respeto, cari\u00f1o y que existen c\u00f3digos normativos que los protegen jur\u00eddicamente; asimismo, mediante una proyecci\u00f3n de video y la narraci\u00f3n de un cuento, se les explic\u00f3 la protecci\u00f3n que se les debe de brindar promoviendo su bienestar y la integraci\u00f3n familiar.<\/p>\n<p>Por su parte, la titular de la DAIAM, Liliana Rendis Buenfil, sensibiliz\u00f3 a los estudiantes sobre el apoyo que deben recibir por parte de sus familiares los adultos mayores, as\u00ed como dar a conocer la labor que desempe\u00f1a el Sistema DIF Estatal para atender a este sector de la poblaci\u00f3n en situaci\u00f3n de vulnerabilidad y explic\u00f3 las acciones que lleva a cabo la DAIAM, en donde se les proporciona estancia de d\u00eda con actividades l\u00fadicas y recreativas, terapias f\u00edsicas, y atenci\u00f3n social, que promueve su plena inclusi\u00f3n en la sociedad. <\/p>\n<p>Antes de despedirse, a nombre de la Presidenta del Patronato del DIF Estatal, Christelle Casta\u00f1\u00f3n de Moreno, agradecieron a los alumnos que realizan pr\u00e1cticas de participaci\u00f3n social en el hogar de ancianos  \u201cLicda. Dolores Lanz de Echeverr\u00eda\u201d  llevando  alegr\u00eda y sobre todo, la uni\u00f3n entre los mayores, en un ambiente de fraternidad.<\/p>\n","protected":false},"excerpt":{"rendered":"<p>Como parte de las acciones de prevenci\u00f3n que realiza el Sistema Estatal para el Desarrollo Integral de la Familia.<\/p>\n","protected":false},"author":1018,"featured_media":0,"comment_status":"open","ping_status":"open","sticky":false,"template":"","format":"standard","meta":{"tdm_status":"","tdm_grid_status":"","footnotes":""},"categories":[27],"tags":[],"_links":{"self":[{"href":"https:\/\/dralvarez.com.mx\/larevista\/wp-json\/wp\/v2\/posts\/63018"}],"collection":[{"href":"https:\/\/dralvarez.com.mx\/larevista\/wp-json\/wp\/v2\/posts"}],"about":[{"href":"https:\/\/dralvarez.com.mx\/larevista\/wp-json\/wp\/v2\/types\/post"}],"author":[{"embeddable":true,"href":"https:\/\/dralvarez.com.mx\/larevista\/wp-json\/wp\/v2\/users\/1018"}],"replies":[{"embeddable":true,"href":"https:\/\/dralvarez.com.mx\/larevista\/wp-json\/wp\/v2\/comments?post=63018"}],"version-history":[{"count":0,"href":"https:\/\/dralvarez.com.mx\/larevista\/wp-json\/wp\/v2\/posts\/63018\/revisions"}],"wp:attachment":[{"href":"https:\/\/dralvarez.com.mx\/larevista\/wp-json\/wp\/v2\/media?parent=63018"}],"wp:term":[{"taxonomy":"category","embeddable":true,"href":"https:\/\/dralvarez.com.mx\/larevista\/wp-json\/wp\/v2\/categories?post=63018"},{"taxonomy":"post_tag","embeddable":true,"href":"https:\/\/dralvarez.com.mx\/larevista\/wp-json\/wp\/v2\/tags?post=63018"}],"curies":[{"name":"wp","href":"https:\/\/api.w.org\/{rel}","templated":true}]}}