{"id":63016,"date":"2018-03-08T00:00:00","date_gmt":"2018-03-08T06:00:00","guid":{"rendered":"https:\/\/dralvarez.com.mx\/larevista\/blog\/christelle-castanon-de-moreno-clausura-la-segunda-jornada-estatal-de-salud-auditiva-oyendo-con-el-corazon-y-entrega-de-aparatos-funcionales-22765"},"modified":"2018-03-08T00:00:00","modified_gmt":"2018-03-08T06:00:00","slug":"christelle-castanon-de-moreno-clausura-la-segunda-jornada-estatal-de-salud-auditiva-oyendo-con-el-corazon-y-entrega-de-aparatos-funcionales-22765","status":"publish","type":"post","link":"https:\/\/dralvarez.com.mx\/larevista\/compeche\/christelle-castanon-de-moreno-clausura-la-segunda-jornada-estatal-de-salud-auditiva-oyendo-con-el-corazon-y-entrega-de-aparatos-funcionales-22765","title":{"rendered":"Christelle Casta\u00f1\u00f3n de Moreno clausura la segunda jornada estatal de salud auditiva \u201cOyendo con el coraz\u00f3n\u201d y entrega de aparatos funcionales"},"content":{"rendered":"<p>La Segunda Jornada Estatal de Salud Auditiva \u201cOyendo con el Coraz\u00f3n\u201d valor\u00f3 a 350 pacientes con problemas auditivos, adem\u00e1s el equipo m\u00e9dico, dio mantenimiento y reparaci\u00f3n de auxiliares auditivos, esto durante la clausura del evento que estuvo encabezado por la Presidenta del Patronato del DIF Estatal, Christelle Casta\u00f1\u00f3n de Moreno, donde  se entregaron 284 de auxiliares auditivos y 17 aparatos funcionales para mejorar la calidad de vida de los pacientes.<\/p>\n<p>Casta\u00f1\u00f3n de Moreno agradeci\u00f3 a las instituciones que suman esfuerzos para que se realice el programa por segundo a\u00f1o consecutivo, entre ellos la Asociaci\u00f3n Yucateca Pro-Deficiente Auditivo A.C. (AYPRODA);  la Universidad de  Florida, trav\u00e9s de sus escuelas de  Audiolog\u00eda y de Farmacia; la Universidad de Oklahoma, en su escuela de Audiolog\u00eda, y las instituciones de salud locales.<\/p>\n<p>Precis\u00f3 que la Segunda Jornada es el resultado de las buenas voluntades de trabajar en equipo, muestra de la inspiraci\u00f3n del Gobernador del Estado, Alejandro Moreno C\u00e1rdenas, de trabajar todos los d\u00edas por las familias campechanas.<\/p>\n<p>-Los programas los hacemos con el coraz\u00f3n, cosechar sonrisas nos motiva, por ello, nos comprometemos al igual que el Presidente de la Rep\u00fablica Enrique Pe\u00f1a Nieto y su esposa Ang\u00e9lica Rivera de Pe\u00f1a a seguir promoviendo programas sociales -dijo.<\/p>\n<p>Como parte de la jornada, se ofrece un curso de capacitaci\u00f3n 40 maestros de educaci\u00f3n especial en relaci\u00f3n a la terapia auditivo verbal, el cual se realiza en el Centro de Atenci\u00f3n M\u00faltiple (CAM 18).<\/p>\n<p>Asimismo, se entregaron 284 auxiliares auditivos beneficiando a 142 personas con discapacidad auditiva; para la adquisici\u00f3n de estos equipos se invirtieron 710 mil pesos por parte del Patrimonio de la Beneficencia P\u00fablica Federal; de igual manera se donaron un total de 17 aparatos funcionales, beneficiando a igual n\u00famero de personas con alguna discapacidad, mismos que fueron adquiridos con recursos propios de la instituci\u00f3n.<\/p>\n<p>Al concluir el evento, Casta\u00f1\u00f3n de Moreno felicit\u00f3 a todo el equipo del DIF Estatal por la organizaci\u00f3n, y seguidamente entreg\u00f3 reconocimientos a los participantes.<\/p>\n<p>Asistieron la Directora General del DIF, Silvia Elena Parrao Arceo; el secretario de Salud, Rafael Rodr\u00edguez Cabrera; Scoot Grifths, Dr. en Audiolog\u00eda en representaci\u00f3n de la Universidad de Florida; la Presidenta de la AYPRODA, Danil\u00fa Vales Gamboa de Rosel; el Director del Patronato de la Beneficencia P\u00fablica Estatal, Orlando Alvarado Rivadeneyra; la Directora de Atenci\u00f3n Social y Discapacidad, Magaly Medina Farf\u00e1n, y la Presidenta del Patronato del Sistema DIF  Municipal, Enna Ortiz de Hern\u00e1ndez.<\/p>\n","protected":false},"excerpt":{"rendered":"<p>La Segunda Jornada Estatal de Salud Auditiva \u201cOyendo con el Coraz\u00f3n\u201d valor\u00f3 a 350 pacientes con problemas auditivos.<\/p>\n","protected":false},"author":1018,"featured_media":0,"comment_status":"open","ping_status":"open","sticky":false,"template":"","format":"standard","meta":{"tdm_status":"","tdm_grid_status":"","footnotes":""},"categories":[27],"tags":[],"_links":{"self":[{"href":"https:\/\/dralvarez.com.mx\/larevista\/wp-json\/wp\/v2\/posts\/63016"}],"collection":[{"href":"https:\/\/dralvarez.com.mx\/larevista\/wp-json\/wp\/v2\/posts"}],"about":[{"href":"https:\/\/dralvarez.com.mx\/larevista\/wp-json\/wp\/v2\/types\/post"}],"author":[{"embeddable":true,"href":"https:\/\/dralvarez.com.mx\/larevista\/wp-json\/wp\/v2\/users\/1018"}],"replies":[{"embeddable":true,"href":"https:\/\/dralvarez.com.mx\/larevista\/wp-json\/wp\/v2\/comments?post=63016"}],"version-history":[{"count":0,"href":"https:\/\/dralvarez.com.mx\/larevista\/wp-json\/wp\/v2\/posts\/63016\/revisions"}],"wp:attachment":[{"href":"https:\/\/dralvarez.com.mx\/larevista\/wp-json\/wp\/v2\/media?parent=63016"}],"wp:term":[{"taxonomy":"category","embeddable":true,"href":"https:\/\/dralvarez.com.mx\/larevista\/wp-json\/wp\/v2\/categories?post=63016"},{"taxonomy":"post_tag","embeddable":true,"href":"https:\/\/dralvarez.com.mx\/larevista\/wp-json\/wp\/v2\/tags?post=63016"}],"curies":[{"name":"wp","href":"https:\/\/api.w.org\/{rel}","templated":true}]}}