{"id":63008,"date":"2018-03-08T00:00:00","date_gmt":"2018-03-08T06:00:00","guid":{"rendered":"https:\/\/dralvarez.com.mx\/larevista\/blog\/cobacam-conmemora-el-dia-internacional-de-la-mujer-22757"},"modified":"2018-03-08T00:00:00","modified_gmt":"2018-03-08T06:00:00","slug":"cobacam-conmemora-el-dia-internacional-de-la-mujer-22757","status":"publish","type":"post","link":"https:\/\/dralvarez.com.mx\/larevista\/compeche\/cobacam-conmemora-el-dia-internacional-de-la-mujer-22757","title":{"rendered":"COBACAM conmemora el d\u00eda internacional de la mujer"},"content":{"rendered":"<p>En el marco de la conmemoraci\u00f3n por el D\u00eda Internacional de la Mujer, la Directora General del Colegio de Bachilleres del Estado de Campeche (COBACAM), Adlemi Santiago Ram\u00edrez, en una reuni\u00f3n con el personal femenino que labora en la Direcci\u00f3n General del colegio, reconoci\u00f3 la entrega y el trabajo profesional que cada una aporta y que se refleja en la calidad educativa que distingue a la instituci\u00f3n.<\/p>\n<p>Asimismo, se\u00f1al\u00f3 la importancia de conmemorar cada 8 de marzo, el  D\u00eda Internacional de la Mujer, dado que invoca y ratifica la vigencia al derecho de todas las mujeres a vivir una vida plena, ajena a la violencia y a la discriminaci\u00f3n, al irrestricto respeto a la equidad de g\u00e9nero, ya que es un homenaje a las activistas rurales y urbanas que han trasformado la vida de las mujeres en todo el mundo.  <\/p>\n<p>Durante el evento, se present\u00f3 una puesta en escena ofrecida por integrantes de la Comisi\u00f3n de Derechos Humanos del Estado (CODHECAM), quienes compartieron a trav\u00e9s de una parodia, la forma en la que muchas veces las mujeres son vulneradas en sus derechos y estas a su vez, lo consideras como algo cotidiano.<\/p>\n<p>La escena de estas dos mujeres que dialogaban de la vida en familia, de su situaci\u00f3n matrimonial y en distintos aspectos en los que se desarrollan cotidianamente las mujeres, sirvi\u00f3 como marco para la reflexi\u00f3n de las asistentes, quienes expresaron sus inquietudes y compartieron su sentir ante el mensaje.<\/p>\n<p>Tras la presentaci\u00f3n, la Directora General del COBACAM entreg\u00f3 reconocimientos a las instructoras, agradeciendo la participaci\u00f3n y buena disposici\u00f3n para presentar amenas y originales caracterizaciones que compartieron con el personal.<\/p>\n<p>Finalmente, Santiago Ram\u00edrez destac\u00f3 el importante papel que han cumplido las mujeres en la historia del Colegio, haciendo un llamado a seguir trabajando cada d\u00eda en la construcci\u00f3n de una sociedad m\u00e1s justa y equitativa.<\/p>\n","protected":false},"excerpt":{"rendered":"<p>En el marco de la conmemoraci\u00f3n por el D\u00eda Internacional de la Mujer.<\/p>\n","protected":false},"author":1018,"featured_media":0,"comment_status":"open","ping_status":"open","sticky":false,"template":"","format":"standard","meta":{"tdm_status":"","tdm_grid_status":"","footnotes":""},"categories":[27],"tags":[],"_links":{"self":[{"href":"https:\/\/dralvarez.com.mx\/larevista\/wp-json\/wp\/v2\/posts\/63008"}],"collection":[{"href":"https:\/\/dralvarez.com.mx\/larevista\/wp-json\/wp\/v2\/posts"}],"about":[{"href":"https:\/\/dralvarez.com.mx\/larevista\/wp-json\/wp\/v2\/types\/post"}],"author":[{"embeddable":true,"href":"https:\/\/dralvarez.com.mx\/larevista\/wp-json\/wp\/v2\/users\/1018"}],"replies":[{"embeddable":true,"href":"https:\/\/dralvarez.com.mx\/larevista\/wp-json\/wp\/v2\/comments?post=63008"}],"version-history":[{"count":0,"href":"https:\/\/dralvarez.com.mx\/larevista\/wp-json\/wp\/v2\/posts\/63008\/revisions"}],"wp:attachment":[{"href":"https:\/\/dralvarez.com.mx\/larevista\/wp-json\/wp\/v2\/media?parent=63008"}],"wp:term":[{"taxonomy":"category","embeddable":true,"href":"https:\/\/dralvarez.com.mx\/larevista\/wp-json\/wp\/v2\/categories?post=63008"},{"taxonomy":"post_tag","embeddable":true,"href":"https:\/\/dralvarez.com.mx\/larevista\/wp-json\/wp\/v2\/tags?post=63008"}],"curies":[{"name":"wp","href":"https:\/\/api.w.org\/{rel}","templated":true}]}}