{"id":62965,"date":"2018-03-07T00:00:00","date_gmt":"2018-03-07T06:00:00","guid":{"rendered":"https:\/\/dralvarez.com.mx\/larevista\/blog\/secont-inicia-trabajos-de-fiscalizacion-de-la-cuenta-publica-2017-22713"},"modified":"2018-03-07T00:00:00","modified_gmt":"2018-03-07T06:00:00","slug":"secont-inicia-trabajos-de-fiscalizacion-de-la-cuenta-publica-2017-22713","status":"publish","type":"post","link":"https:\/\/dralvarez.com.mx\/larevista\/compeche\/secont-inicia-trabajos-de-fiscalizacion-de-la-cuenta-publica-2017-22713","title":{"rendered":"SECONT inicia trabajos de fiscalizaci\u00f3n de la cuenta p\u00fablica 2017"},"content":{"rendered":"<p>\u201cLa misi\u00f3n de la Auditor\u00eda Superior de la Federaci\u00f3n (ASF), es fiscalizar la cuenta p\u00fablica mediante auditor\u00edas que se efect\u00faan a los tres Poderes de la Uni\u00f3n, a los \u00f3rganos constitucionalmente aut\u00f3nomos, a las entidades federativas y municipios del pa\u00eds, as\u00ed como a todo ente que ejerza recursos p\u00fablicos federales, incluyendo a los particulares\u201d, se\u00f1al\u00f3 el titular de la Secretar\u00eda de la Contralor\u00eda del Gobierno del Estado, Jos\u00e9 Rom\u00e1n Ruiz Carrillo, al encabezar el inicio de los trabajos de fiscalizaci\u00f3n de la Cuenta P\u00fablica 2017, que se realizar\u00e1 a la Entidad, tal y como se encuentran incluidos en el Programa Anual de Auditor\u00edas.<\/p>\n<p>\u201cConforme a su mandato legal, el prop\u00f3sito es verificar el cumplimiento de los objetivos contenidos en las pol\u00edticas y programas gubernamentales, el adecuado desempe\u00f1o de las entidades fiscalizadas, y el correcto manejo tanto del ingreso como del gasto p\u00fablico\u201d, dijo.<\/p>\n<p>Cabe destacar que, desde el inicio de la administraci\u00f3n del Gobernador Alejandro Moreno C\u00e1rdenas, se instruy\u00f3 a la SECONT de la puntual fiscalizaci\u00f3n a los diversos recursos, as\u00ed, como la aplicaci\u00f3n de los mismos conforme a la normativa vigente, para la correcta transparencia y rendici\u00f3n de cuentas de los entes fiscalizados, sobre el manejo de los recursos p\u00fablicos que les fueron encomendados.<\/p>\n<p>Por ello, el titular de la SECONT expres\u00f3 que la fiscalizaci\u00f3n superior coadyuva, de manera efectiva, al desarrollo de un gobierno moderno, as\u00ed como a mejorar las condiciones que se deban cumplir para alcanzar una administraci\u00f3n p\u00fablica mucho m\u00e1s eficiente.<\/p>\n<p>De igual modo, sostuvo que la SECONT no es un \u00f3rgano persecutor, \u201cpor el contrario, es la Instituci\u00f3n de apoyo que coadyuva al mejor desempe\u00f1o de la Administraci\u00f3n P\u00fablica\u201d.<\/p>\n<p>Indudablemente, para desarrollar la correcta planeaci\u00f3n que eval\u00fae la pertinencia para realizar la Auditor\u00eda de Desempe\u00f1o y la Auditor\u00eda al Gasto Federalizado, es importante considerar cuatro principios b\u00e1sicos: primero, el an\u00e1lisis de capacidad operativa; despu\u00e9s, la fuente de informaci\u00f3n; luego, los criterios de an\u00e1lisis de informaci\u00f3n y, por \u00faltimo, los criterios de selecci\u00f3n.<\/p>\n<p>Finalmente, agradeci\u00f3 a Arnoldo Miramontes Flores, Subdirector de Auditor\u00eda de la ASF, por contribuir al fortalecimiento de la transparencia, la rendici\u00f3n de cuentas y a la administraci\u00f3n de los recursos, que sirve como base para la toma de decisiones sobre futuros programas y actividades de gobierno.<\/p>\n<p>En dicho acto protocolario se cont\u00f3 adem\u00e1s con la presencia de los enlaces de las dependencias sujetas a los procedimientos de fiscalizaci\u00f3n.<\/p>\n","protected":false},"excerpt":{"rendered":"<p>La misi\u00f3n de la ASF, es fiscalizar la cuenta p\u00fablica mediante auditor\u00edas que se efect\u00faan a los tres Poderes de la Uni\u00f3n.<\/p>\n","protected":false},"author":1018,"featured_media":0,"comment_status":"open","ping_status":"open","sticky":false,"template":"","format":"standard","meta":{"tdm_status":"","tdm_grid_status":"","footnotes":""},"categories":[27],"tags":[],"_links":{"self":[{"href":"https:\/\/dralvarez.com.mx\/larevista\/wp-json\/wp\/v2\/posts\/62965"}],"collection":[{"href":"https:\/\/dralvarez.com.mx\/larevista\/wp-json\/wp\/v2\/posts"}],"about":[{"href":"https:\/\/dralvarez.com.mx\/larevista\/wp-json\/wp\/v2\/types\/post"}],"author":[{"embeddable":true,"href":"https:\/\/dralvarez.com.mx\/larevista\/wp-json\/wp\/v2\/users\/1018"}],"replies":[{"embeddable":true,"href":"https:\/\/dralvarez.com.mx\/larevista\/wp-json\/wp\/v2\/comments?post=62965"}],"version-history":[{"count":0,"href":"https:\/\/dralvarez.com.mx\/larevista\/wp-json\/wp\/v2\/posts\/62965\/revisions"}],"wp:attachment":[{"href":"https:\/\/dralvarez.com.mx\/larevista\/wp-json\/wp\/v2\/media?parent=62965"}],"wp:term":[{"taxonomy":"category","embeddable":true,"href":"https:\/\/dralvarez.com.mx\/larevista\/wp-json\/wp\/v2\/categories?post=62965"},{"taxonomy":"post_tag","embeddable":true,"href":"https:\/\/dralvarez.com.mx\/larevista\/wp-json\/wp\/v2\/tags?post=62965"}],"curies":[{"name":"wp","href":"https:\/\/api.w.org\/{rel}","templated":true}]}}