{"id":62962,"date":"2018-03-07T00:00:00","date_gmt":"2018-03-07T06:00:00","guid":{"rendered":"https:\/\/dralvarez.com.mx\/larevista\/blog\/convocan-a-becas-al-extranjero-conacyt-fpg-campeche-2018-22710"},"modified":"2018-03-07T00:00:00","modified_gmt":"2018-03-07T06:00:00","slug":"convocan-a-becas-al-extranjero-conacyt-fpg-campeche-2018-22710","status":"publish","type":"post","link":"https:\/\/dralvarez.com.mx\/larevista\/compeche\/convocan-a-becas-al-extranjero-conacyt-fpg-campeche-2018-22710","title":{"rendered":"Convocan a becas al extranjero CONACYT-FPG Campeche 2018"},"content":{"rendered":"<p><b><i><\/i><\/b><\/p>\n<blockquote><p><b><i>Del 2010 a la fecha se ha beneficiado 19 profesionales, con un monto superior a medio mill\u00f3n de pesos.<\/i><\/b><\/p><\/blockquote>\n<p>La Fundaci\u00f3n Pablo Garc\u00eda (FPG) y el Consejo Nacional de Ciencia y Tecnolog\u00eda (CONACYT) convocan a egresados del nivel licenciatura, especializaci\u00f3n o maestr\u00eda, de instituciones educativas de la geograf\u00eda estatal, que deseen realizar estudios de doctorado o maestr\u00eda en el extranjero en programas de alta calidad y en \u00e1reas cient\u00edficas y tecnol\u00f3gicas relacionadas directamente con los objetivos estrat\u00e9gicos del Plan Estatal de Desarrollo del Estado de Campeche, a inscribirse a trav\u00e9s del portal <a target=\"_blank\" rel=\"nofollow noopener\" href=\"http:\/\/www.conacyt.mx\">www.conacyt.mx<\/a>, del 5 de marzo al 11 de mayo del presente a\u00f1o.<\/p>\n<p>Acompa\u00f1ado por el titular del Consejo Estatal de Investigaci\u00f3n Cient\u00edfica y Desarrollo Tecnol\u00f3gico del Estado de Campeche (COESICYDET), Carlos Rodr\u00edguez Cabrera, en rueda de prensa el director general de la FPG, Jorge Esquivel Ruiz, hizo el anuncio de la apertura de recepci\u00f3n de solicitudes en l\u00ednea del Programa de Apoyos para la Formaci\u00f3n de Recursos Humanos de Alto Nivel en Programa de Posgrado de Calidad en el Extranjero del CONACYT 2018, a trav\u00e9s del portal antes indicado, el cual estar\u00e1 disponible hasta las 18:00 horas del pr\u00f3ximo 11 de mayo.<\/p>\n<p>Destac\u00f3 que dentro de las bases de la convocatoria se solicita que al momento de realizar el llenado de la solicitud en l\u00ednea, los aspirantes deber\u00e1n contar la e.firma (antes firma electr\u00f3nica) emitida por el Servicio de administraci\u00f3n Tributaria (SAT), as\u00ed como tener la \u00faltima actualizaci\u00f3n de JAVA, recomend\u00e1ndose tambi\u00e9n usar el explorador Google Chrome para una mejor funcionalidad. <\/p>\n<p>Precis\u00f3 que los interesados podr\u00e1n realizar estudios de maestr\u00eda o doctorado en el extranjero en programas de alta calidad y en \u00e1reas cient\u00edficas y tecnol\u00f3gicas relacionadas directamente con los sectores estrat\u00e9gicos del Plan Estatal de Desarrollo 2015-2021, tales como: Pesca y Acuacultura, Agricultura, Ganader\u00eda, Energ\u00eda, Industria, Biotecnolog\u00eda, Preservaci\u00f3n de Infraestructura Industrial, Contaminaci\u00f3n e impacto ambiental, Silvicultura, Desarrollo Tur\u00edstico y Manejo de la zona costera.<\/p>\n<p>Indic\u00f3 que el per\u00edodo de evaluaci\u00f3n de solicitudes se realizar\u00e1 del 14 de mayo al 12 de julio, mientras que la publicaci\u00f3n de resultados se llevar\u00e1 a cabo el 13 de julio, a trav\u00e9s del portal de la FPG <a target=\"_blank\" rel=\"nofollow noopener\" href=\"http:\/\/www.fundacionpablogarcia.gob.mx\">www.fundacionpablogarcia.gob.mx<\/a>  y la formalizaci\u00f3n ser\u00e1 del 16 de julio, hasta antes del 15 de marzo del pr\u00f3ximo a\u00f1o en el caso de programas que inicien posteriormente. <\/p>\n<p>Agreg\u00f3 que el promedio m\u00ednimo como requisito es de 8.0 en su \u00faltimo grado de estudios, adem\u00e1s de contar un Certificado de TOEFL de 550 puntos as\u00ed como del idioma del pa\u00eds destino, y contar con la carta de aceptaci\u00f3n oficial definitiva emitida por la universidad donde se pretenden realizar los estudios a partir de septiembre 2018, dejando claro que no se aceptar\u00e1n programas que inicien en fechas posteriores al 15 de marzo 2019.<\/p>\n<p>Record\u00f3 en el a\u00f1o 2010 se inici\u00f3 con este programa entre el CONACYT y la FPG en el Estado, entreg\u00e1ndose a la fecha un total de 19 becas a igual n\u00famero de beneficiaros, con un monto de apoyo total de 641 mil 366 pesos por parte de la Fundaci\u00f3n.<\/p>\n<p>Detall\u00f3 que entre el total de los beneficiarios, 14 realizaron o a\u00fan realizan estudios de maestr\u00eda y cinco de doctorado, en los pa\u00edses como Espa\u00f1a, Francia, Inglaterra, Estados Unidos, Cuba, Australia, Canad\u00e1, Holanda, Escocia, Reino Unido y Alemania, resultando los dos primeros con mayor demanda.<\/p>\n<p>Para mayores informes, el funcionario estatal recomend\u00f3 comunicarse a la oficina de la Fundaci\u00f3n Pablo Garc\u00eda al 8113466\/8117034, o acudir de forma directa a la misma, ubicada en Prolongaci\u00f3n de la avenida L\u00e1zaro C\u00e1rdenas entre avenida Luis Donaldo Colosio y calle Per\u00fa de la colonia Santa Ana.<\/p>\n<p>Por su parte, Rodr\u00edguez Cabrera puntualiz\u00f3 que este programa tiene como prop\u00f3sito consolidar capacidades regionales y nacionales que impulsen el desarrollo cient\u00edfico, tecnol\u00f3gico y la innovaci\u00f3n para contribuir al incremento de la competitividad y al progreso del pa\u00eds.<\/p>\n<p>Sin embargo, abund\u00f3 que en caso de no resultar beneficiados en esta convocatoria, los aspirantes podr\u00e1n aplicar a otras de forma espec\u00edfica por \u00e1rea tiene disponible el CONACYT, por lo que invit\u00f3 a los interesados tambi\u00e9n consultar los programas con los que se encuentran a trav\u00e9s de la p\u00e1gina del organismo que dirige, la cual es <a target=\"_blank\" rel=\"nofollow noopener\" href=\"http:\/\/www.coesicydet.com\">www.coesicydet.com<\/a>.<\/p>\n","protected":false},"excerpt":{"rendered":"<p>Del 2010 a la fecha se ha beneficiado 19 profesionales, con un monto superior a medio mill\u00f3n de pesos.<\/p>\n","protected":false},"author":1018,"featured_media":0,"comment_status":"open","ping_status":"open","sticky":false,"template":"","format":"standard","meta":{"tdm_status":"","tdm_grid_status":"","footnotes":""},"categories":[27],"tags":[],"_links":{"self":[{"href":"https:\/\/dralvarez.com.mx\/larevista\/wp-json\/wp\/v2\/posts\/62962"}],"collection":[{"href":"https:\/\/dralvarez.com.mx\/larevista\/wp-json\/wp\/v2\/posts"}],"about":[{"href":"https:\/\/dralvarez.com.mx\/larevista\/wp-json\/wp\/v2\/types\/post"}],"author":[{"embeddable":true,"href":"https:\/\/dralvarez.com.mx\/larevista\/wp-json\/wp\/v2\/users\/1018"}],"replies":[{"embeddable":true,"href":"https:\/\/dralvarez.com.mx\/larevista\/wp-json\/wp\/v2\/comments?post=62962"}],"version-history":[{"count":0,"href":"https:\/\/dralvarez.com.mx\/larevista\/wp-json\/wp\/v2\/posts\/62962\/revisions"}],"wp:attachment":[{"href":"https:\/\/dralvarez.com.mx\/larevista\/wp-json\/wp\/v2\/media?parent=62962"}],"wp:term":[{"taxonomy":"category","embeddable":true,"href":"https:\/\/dralvarez.com.mx\/larevista\/wp-json\/wp\/v2\/categories?post=62962"},{"taxonomy":"post_tag","embeddable":true,"href":"https:\/\/dralvarez.com.mx\/larevista\/wp-json\/wp\/v2\/tags?post=62962"}],"curies":[{"name":"wp","href":"https:\/\/api.w.org\/{rel}","templated":true}]}}