{"id":62933,"date":"2018-03-06T00:00:00","date_gmt":"2018-03-06T06:00:00","guid":{"rendered":"https:\/\/dralvarez.com.mx\/larevista\/blog\/visitan-el-hogar-de-ancianos-estudiantes-y-maestros-del-programa-internacional-de-nueva-escocia-22678"},"modified":"2018-03-06T00:00:00","modified_gmt":"2018-03-06T06:00:00","slug":"visitan-el-hogar-de-ancianos-estudiantes-y-maestros-del-programa-internacional-de-nueva-escocia-22678","status":"publish","type":"post","link":"https:\/\/dralvarez.com.mx\/larevista\/compeche\/visitan-el-hogar-de-ancianos-estudiantes-y-maestros-del-programa-internacional-de-nueva-escocia-22678","title":{"rendered":"Visitan el hogar de ancianos estudiantes y maestros del Programa Internacional de Nueva Escocia"},"content":{"rendered":"<p>Los hu\u00e9spedes del Hogar de Ancianos \u201cDolores Lanz de Echeverr\u00eda\u201d recibieron la visita de los alumnos y maestros del XIII Campamento de Liderazgo del Programa internacional de Nueva Escocia, que se realiza en coordinaci\u00f3n con la Universidad Aut\u00f3noma de Campeche (UAC).<\/p>\n<p>Al darles la bienvenida, la Presidenta del Patronato del DIF Estatal, Christelle Casta\u00f1\u00f3n de Moreno, les reiter\u00f3 que Campeche siempre los recibir\u00e1 con los brazos abiertos y los motiv\u00f3 a no perder el entusiasmo por las jornadas sociales a favor de las personas vulnerables, que en esta ocasi\u00f3n benefician a los Adultos Mayores.<\/p>\n<p>El evento celebrado en el comedor del lugar, se desarroll\u00f3 en un ambiente de buenos deseos, de  alegr\u00eda de parte de los 21 j\u00f3venes canadienses que convivieron con este grupo vulnerable, guiados por 21 estudiantes anfitriones campechanos.<\/p>\n<p>Cabe mencionar que el programa se lleva a cabo de manera anual con el objetivo de que los adolescentes desarrollen programas de servicio social para beneficio de los grupos vulnerables, as\u00ed como actividades l\u00fadicas; por lo que en esta ocasi\u00f3n se enfocan en mejorar las instalaciones hidr\u00e1ulicas.<\/p>\n<p>Por su parte, la titular de la Direcci\u00f3n de Atenci\u00f3n Integral al Adulto Mayor (DAIAM), Liliana Rendis Buenfil, felicit\u00f3 a los alumnos por su gran compromiso social con las personas vulnerables, agradeci\u00e9ndoles el gran cari\u00f1o que  brindaron a las abuelitas y abuelitos; y precis\u00f3 que cada a\u00f1o es grato recibir a los j\u00f3venes que interact\u00faan con los adultos mayores.  Posteriormente, realizaron un recorrido por las \u00e1reas del hogar de ancianos.<\/p>\n<p>Asistieron a la visita y recorrido por las instalaciones la Directora General del DIF, Silvia Elena Parrao Arceo; el Rector de la UAC, Gerardo Montero P\u00e9rez; la Presidenta del Patronato del Hogar de Ancianos \u201cGrande de Coraz\u00f3n\u201d, Victoria Damas de Aysa; el Director del Centro de Espa\u00f1ol y Maya de la UAC, Jos\u00e9 Rom\u00e1n Aranda Alpuche, as\u00ed como el representante del programa, Allan MacDonald,  quien dijo que este ser\u00e1 una gran experiencia para los muchachos.<\/p>\n","protected":false},"excerpt":{"rendered":"<p>A los hu\u00e9spedes del Hogar de Ancianos \u201cDolores Lanz de Echeverr\u00eda\u201d.<\/p>\n","protected":false},"author":1018,"featured_media":0,"comment_status":"open","ping_status":"open","sticky":false,"template":"","format":"standard","meta":{"tdm_status":"","tdm_grid_status":"","footnotes":""},"categories":[27],"tags":[],"_links":{"self":[{"href":"https:\/\/dralvarez.com.mx\/larevista\/wp-json\/wp\/v2\/posts\/62933"}],"collection":[{"href":"https:\/\/dralvarez.com.mx\/larevista\/wp-json\/wp\/v2\/posts"}],"about":[{"href":"https:\/\/dralvarez.com.mx\/larevista\/wp-json\/wp\/v2\/types\/post"}],"author":[{"embeddable":true,"href":"https:\/\/dralvarez.com.mx\/larevista\/wp-json\/wp\/v2\/users\/1018"}],"replies":[{"embeddable":true,"href":"https:\/\/dralvarez.com.mx\/larevista\/wp-json\/wp\/v2\/comments?post=62933"}],"version-history":[{"count":0,"href":"https:\/\/dralvarez.com.mx\/larevista\/wp-json\/wp\/v2\/posts\/62933\/revisions"}],"wp:attachment":[{"href":"https:\/\/dralvarez.com.mx\/larevista\/wp-json\/wp\/v2\/media?parent=62933"}],"wp:term":[{"taxonomy":"category","embeddable":true,"href":"https:\/\/dralvarez.com.mx\/larevista\/wp-json\/wp\/v2\/categories?post=62933"},{"taxonomy":"post_tag","embeddable":true,"href":"https:\/\/dralvarez.com.mx\/larevista\/wp-json\/wp\/v2\/tags?post=62933"}],"curies":[{"name":"wp","href":"https:\/\/api.w.org\/{rel}","templated":true}]}}