{"id":62900,"date":"2018-03-05T00:00:00","date_gmt":"2018-03-05T06:00:00","guid":{"rendered":"https:\/\/dralvarez.com.mx\/larevista\/blog\/imparte-cruz-roja-curso-de-primeros-auxilios-a-servidores-publicos-de-los-cdc-y-cedeca-22644"},"modified":"2018-03-05T00:00:00","modified_gmt":"2018-03-05T06:00:00","slug":"imparte-cruz-roja-curso-de-primeros-auxilios-a-servidores-publicos-de-los-cdc-y-cedeca-22644","status":"publish","type":"post","link":"https:\/\/dralvarez.com.mx\/larevista\/compeche\/imparte-cruz-roja-curso-de-primeros-auxilios-a-servidores-publicos-de-los-cdc-y-cedeca-22644","title":{"rendered":"Imparte cruz roja curso de primeros auxilios a servidores p\u00fablicos de los CDC y CEDECA"},"content":{"rendered":"<p>El curso de Primeros Auxilios a Servidores P\u00fablicos, impartido por personal de la Cruz Roja a los responsables de los Centros de Desarrollo Comunitario (CDC) y los Centros de Desarrollo de Capacitaci\u00f3n (CEDECA), tiene como objetivo brindar herramientas de prevenci\u00f3n y atenci\u00f3n, por lo que al concluir la capacitaci\u00f3n la Directora General del DIF Estatal, Silvia Elena Parrao Arceo, en representaci\u00f3n de la Presidenta del Patronato del DIF Estatal, Christelle Casta\u00f1\u00f3n de Moreno, entreg\u00f3 reconocimiento a los participantes.<\/p>\n<p>Parrao Arceo signific\u00f3 que los primeros auxilios son las medidas de urgencia que se aplican cuando una persona ha sufrido un accidente o una enfermedad repentina hasta que el paciente pueda recibir atenci\u00f3n m\u00e9dica directa y adecuada, por ello, es muy importante para el DIF Estatal capacitar a su personal para que atienda una situaci\u00f3n de emergencia que les permita estar preparados para afrontar y actuar con seguridad para afrontar y actuar con seguridad para resolver del ni\u00f1o o del adulto de manera inmediata, mientras llega la ayuda m\u00e9dica.<\/p>\n<p>Signific\u00f3 que en el DIF Estatal se trabaja en equipo a favor de la gente, as\u00ed como exhort\u00f3 el Gobernador del Estado, Alejandro Moreno C\u00e1rdenas, para que estos espacios fortalezcan a las familias.<\/p>\n<p>Posteriormente, agradeci\u00f3 a las responsables de los CDC y CEDECA por el compromiso y entusiasmo al realizar su labor, ya que estos sitios son lugares que les brinda protecci\u00f3n a los ni\u00f1os y ni\u00f1as, evitando que sean v\u00edctimas de la violencia en la calle.<\/p>\n<p>Asimismo, hizo un llamado a los responsables a cuidar a los ni\u00f1os y ni\u00f1as de los accidentes, porque son m\u00e1s propensos a sufrirlos, debido a que no tienen noci\u00f3n del peligro; agradeci\u00f3 al personal de la Cruz Roja que encabeza el Delegado, Alejandro Azar P\u00e9rez, por impartir temas b\u00e1sicos como: RCP B\u00e1sico, Quemaduras, Heridas y Hemorragias y Fracturas.<\/p>\n<p>En la clausura del curso, que se realiz\u00f3 en la sala de usos m\u00faltiples del ISSSTECAM, estuvieron la Directora de Desarrollo Familiar y Voluntariado, Sonia Castilla Trevi\u00f1o; la Coordinadora Estatal de Capacitaci\u00f3n, Olivia Escalante Escalante; y el capacitador de socorristas, Luis Miguel Canch\u00e9 Huehuet.<\/p>\n","protected":false},"excerpt":{"rendered":"<p>Tiene como objetivo brindar herramientas de prevenci\u00f3n y atenci\u00f3n.<\/p>\n","protected":false},"author":1018,"featured_media":0,"comment_status":"open","ping_status":"open","sticky":false,"template":"","format":"standard","meta":{"tdm_status":"","tdm_grid_status":"","footnotes":""},"categories":[27],"tags":[],"_links":{"self":[{"href":"https:\/\/dralvarez.com.mx\/larevista\/wp-json\/wp\/v2\/posts\/62900"}],"collection":[{"href":"https:\/\/dralvarez.com.mx\/larevista\/wp-json\/wp\/v2\/posts"}],"about":[{"href":"https:\/\/dralvarez.com.mx\/larevista\/wp-json\/wp\/v2\/types\/post"}],"author":[{"embeddable":true,"href":"https:\/\/dralvarez.com.mx\/larevista\/wp-json\/wp\/v2\/users\/1018"}],"replies":[{"embeddable":true,"href":"https:\/\/dralvarez.com.mx\/larevista\/wp-json\/wp\/v2\/comments?post=62900"}],"version-history":[{"count":0,"href":"https:\/\/dralvarez.com.mx\/larevista\/wp-json\/wp\/v2\/posts\/62900\/revisions"}],"wp:attachment":[{"href":"https:\/\/dralvarez.com.mx\/larevista\/wp-json\/wp\/v2\/media?parent=62900"}],"wp:term":[{"taxonomy":"category","embeddable":true,"href":"https:\/\/dralvarez.com.mx\/larevista\/wp-json\/wp\/v2\/categories?post=62900"},{"taxonomy":"post_tag","embeddable":true,"href":"https:\/\/dralvarez.com.mx\/larevista\/wp-json\/wp\/v2\/tags?post=62900"}],"curies":[{"name":"wp","href":"https:\/\/api.w.org\/{rel}","templated":true}]}}