{"id":62815,"date":"2018-03-02T00:00:00","date_gmt":"2018-03-02T06:00:00","guid":{"rendered":"https:\/\/dralvarez.com.mx\/larevista\/blog\/moreno-cardenas-anuncia-proximo-arranque-del-mayor-programa-de-conectividad-del-estado-22558"},"modified":"2018-03-02T00:00:00","modified_gmt":"2018-03-02T06:00:00","slug":"moreno-cardenas-anuncia-proximo-arranque-del-mayor-programa-de-conectividad-del-estado-22558","status":"publish","type":"post","link":"https:\/\/dralvarez.com.mx\/larevista\/compeche\/moreno-cardenas-anuncia-proximo-arranque-del-mayor-programa-de-conectividad-del-estado-22558","title":{"rendered":"Moreno C\u00e1rdenas anuncia pr\u00f3ximo arranque del mayor programa de conectividad del estado"},"content":{"rendered":"<p>Su administraci\u00f3n fortalece acciones<br \/>de apoyo a estudiantes campechanos.<\/p>\n<p>El gobernador Alejandro Moreno C\u00e1rdenas anunci\u00f3 que su administraci\u00f3n continuar\u00e1 fortaleciendo los programas de apoyo educativo, por lo que en las pr\u00f3ximas semanas presentar\u00e1 la estrategia de conectividad m\u00e1s importante del estado que dar\u00e1 acceso a internet en muchos puntos del territorio campechano.<\/p>\n<p>\u201cEste es un esfuerzo que se hace con el respaldo del presidente Enrique Pe\u00f1a Nieto para que se preparen mejor y puedan enfrentar los retos que tienen por delante\u201d, dijo a los tres mil 285 estudiantes del Instituto Campechano (IC), del Centro de Estudios Tecnol\u00f3gicos del Mar (Cetmar) 02, del Centro de Bachillerato Tecnol\u00f3gico Agropecuario (CBTA) 15 de Santa Cristina, y del Colegio de Bachilleres de Campeche (Cobacam), de Chin\u00e1 y Lerma, que recibieron sus dispositivos Chromebook.<\/p>\n<p>En el Centro de Convenciones y Exposiciones \u201cCampeche XXI\u201d, Moreno C\u00e1rdenas entreg\u00f3 tres mil 285 dispositivos digitales a mil 155 alumnos del IC; mil 138 del Cetmar; 593 del Cobacam y 399 del CBTA 15. Cabe recordar que el fin de semana pasado, mil 600 j\u00f3venes estudiantes del norte del estado recibieron sus respectivos equipos.<\/p>\n<p>En presencia de la directora general del Cobacam, Adlemi Santiago Ram\u00edrez y del rector del IC, Fernando Sandoval Castellanos, Moreno C\u00e1rdenas fue enf\u00e1tico en se\u00f1alar que desde el inicio de su gobierno impuls\u00f3 acciones de apoyo que inclu\u00eda a todos los estudiantes, ya que su compromiso es que los campechanos sean los mejor preparados y los m\u00e1s competitivos. <br \/>\u201cCuando llegamos al Gobierno, en los primeros d\u00edas ve\u00eda que hac\u00eda falta mucho apoyo y respaldo a muchos j\u00f3venes campechanos, que por diferentes circunstancias no pod\u00edan tener acceso a una computadora, y ahora vamos a pasar de tres, seis, nueve o 10 computadoras, a entregar a m\u00e1s tardar en la primera quincena de marzo, 15 mil 500 a j\u00f3venes del nivel medio superior de todo el estado\u201d, puntualiz\u00f3.<br \/>Dijo que se puede decir muy f\u00e1cil y muy r\u00e1pido, pero en los poco m\u00e1s de dos a\u00f1os de su administraci\u00f3n se ha invertido como nunca en la educaci\u00f3n de los j\u00f3venes, en becas y programas que son \u00fanicos en el pa\u00eds y Am\u00e9rica Latina como el de transporte escolar gratuito y el de dispositivos Chromebook que se ejecuta con el respaldo de la compa\u00f1\u00eda Google. <br \/>Previamente, el secretario de Educaci\u00f3n, Ricardo Medina Farf\u00e1n, remarc\u00f3 que el gobernador Moreno C\u00e1rdenas desde el inicio de su gesti\u00f3n se plante\u00f3 el reto de hacer que la educaci\u00f3n en Campeche sea de calidad, efectiva, transformadora y diferente.<br \/>Asegur\u00f3 que con la entrega de los equipos, el mandatario cumple el compromiso de respaldar a los j\u00f3venes con herramientas tecnol\u00f3gicas que ya son indispensables para la ense\u00f1anza y el desarrollo de la creatividad.<br \/>Precis\u00f3 que el programa Chromebook-Google for Education cuenta con contenidos de Matem\u00e1ticas, Ingl\u00e9s y ciencias, entre otros; acerca el uso de la tecnolog\u00eda a 24 planteles educativos y 15 mil 850 campechanos, entre maestros y alumnos de instituciones de preparatoria en el estado, y proyecta transformar la forma de ense\u00f1anza de manera innovadora para generar entre el alumnado el inter\u00e9s de seguir asistiendo a clases.<br \/>La alumna D\u00e1nae Sosa S\u00e1nchez, de la Escuela Preparatoria \u201cProf. Ram\u00f3n Berzunza Herrera\u201d del IC, en representaci\u00f3n de los estudiantes, a\u00f1adi\u00f3 que los j\u00f3venes de hoy consideran que la tecnolog\u00eda es parte de su naturaleza, por lo que el uso de estas herramientas digitales son importantes para su preparaci\u00f3n acad\u00e9mica. <br \/>Estuvieron presentes, el titular del Poder Legislativo, Ram\u00f3n M\u00e9ndez Lanz, y los delegados de la Secretar\u00eda de Educaci\u00f3n P\u00fablica (SEP), Rafael Alcal\u00e1 Ortiz y de Gobernaci\u00f3n, Ricardo Ch\u00e1vez P\u00e9rez, entre otras autoridades educativas.<\/p>\n","protected":false},"excerpt":{"rendered":"<p>GOBIERNO DE CAMPECHE<\/p>\n","protected":false},"author":1018,"featured_media":0,"comment_status":"open","ping_status":"open","sticky":false,"template":"","format":"standard","meta":{"tdm_status":"","tdm_grid_status":"","footnotes":""},"categories":[27],"tags":[],"_links":{"self":[{"href":"https:\/\/dralvarez.com.mx\/larevista\/wp-json\/wp\/v2\/posts\/62815"}],"collection":[{"href":"https:\/\/dralvarez.com.mx\/larevista\/wp-json\/wp\/v2\/posts"}],"about":[{"href":"https:\/\/dralvarez.com.mx\/larevista\/wp-json\/wp\/v2\/types\/post"}],"author":[{"embeddable":true,"href":"https:\/\/dralvarez.com.mx\/larevista\/wp-json\/wp\/v2\/users\/1018"}],"replies":[{"embeddable":true,"href":"https:\/\/dralvarez.com.mx\/larevista\/wp-json\/wp\/v2\/comments?post=62815"}],"version-history":[{"count":0,"href":"https:\/\/dralvarez.com.mx\/larevista\/wp-json\/wp\/v2\/posts\/62815\/revisions"}],"wp:attachment":[{"href":"https:\/\/dralvarez.com.mx\/larevista\/wp-json\/wp\/v2\/media?parent=62815"}],"wp:term":[{"taxonomy":"category","embeddable":true,"href":"https:\/\/dralvarez.com.mx\/larevista\/wp-json\/wp\/v2\/categories?post=62815"},{"taxonomy":"post_tag","embeddable":true,"href":"https:\/\/dralvarez.com.mx\/larevista\/wp-json\/wp\/v2\/tags?post=62815"}],"curies":[{"name":"wp","href":"https:\/\/api.w.org\/{rel}","templated":true}]}}