{"id":62810,"date":"2018-03-02T00:00:00","date_gmt":"2018-03-02T06:00:00","guid":{"rendered":"https:\/\/dralvarez.com.mx\/larevista\/blog\/capacitan-a-los-integrantes-del-comite-de-etica-de-la-secont-22553"},"modified":"2018-03-02T00:00:00","modified_gmt":"2018-03-02T06:00:00","slug":"capacitan-a-los-integrantes-del-comite-de-etica-de-la-secont-22553","status":"publish","type":"post","link":"https:\/\/dralvarez.com.mx\/larevista\/compeche\/capacitan-a-los-integrantes-del-comite-de-etica-de-la-secont-22553","title":{"rendered":"Capacitan a los integrantes del comit\u00e9 de \u00e9tica de la SECONT"},"content":{"rendered":"<p>Los Comit\u00e9 de \u00c9tica y Prevenci\u00f3n de Conflictos de Inter\u00e9s de las dependencias y entidades, tienen por objeto coadyuvar en la integridad de los servidores p\u00fablicos, implementando acciones permanentes que favorezcan su comportamiento \u00e9tico.<\/p>\n<p>Asimismo, trav\u00e9s de estos Comit\u00e9s se reitera la responsabilidad que tienen los servidores p\u00fablicos de salvaguardar los principios de disciplina, legalidad, objetividad, profesionalismo, honradez, lealtad, imparcialidad, integridad, rendici\u00f3n de cuentas, eficacia y eficiencia en el desempe\u00f1o de su empleo, cargo o comisi\u00f3n.<\/p>\n<p>En ese sentido, Alma Delia Valdez del \u00c1ngel, titular de la Unidad Especializada en \u00c9tica y Prevenci\u00f3n de Conflictos del Inter\u00e9s de la Secretar\u00eda de la Contralor\u00eda (SECONT), capacit\u00f3 a los integrantes del Comit\u00e9 de \u00c9tica y Prevenci\u00f3n de Conflictos de Inter\u00e9s de la dependencia, respecto a sus responsabilidades como miembros integrantes, y mecanismos de desarrollo de las mismas, dotando de herramientas cognitivas a sus integrantes.<\/p>\n<p>\u201cIndudablemente para el Gobierno que encabeza Alejandro Moreno C\u00e1rdenas es fundamental contar con servidores p\u00fablicos con una s\u00f3lida cultura \u00e9tica y de servicio a la sociedad, que est\u00e9n absolutamente convencidos de la dignidad e importancia de su tarea\u201d, dijo. <\/p>\n<p>Finalmente, el titular de la SECONT, Jos\u00e9 Rom\u00e1n Ruiz Carrillo, exhort\u00f3 a los integrantes de dicho Comit\u00e9 a promover el mejoramiento de las funciones que realizan los servidores p\u00fablicos de la dependencia, con miras a la transparencia, honestidad y eficiencia; dando resultados que permitan alcanzar el desarrollo que todos los campechanos merecen.<\/p>\n","protected":false},"excerpt":{"rendered":"<p>Implementando acciones permanentes que favorezcan su comportamiento \u00e9tico.<\/p>\n","protected":false},"author":1018,"featured_media":0,"comment_status":"open","ping_status":"open","sticky":false,"template":"","format":"standard","meta":{"tdm_status":"","tdm_grid_status":"","footnotes":""},"categories":[27],"tags":[],"_links":{"self":[{"href":"https:\/\/dralvarez.com.mx\/larevista\/wp-json\/wp\/v2\/posts\/62810"}],"collection":[{"href":"https:\/\/dralvarez.com.mx\/larevista\/wp-json\/wp\/v2\/posts"}],"about":[{"href":"https:\/\/dralvarez.com.mx\/larevista\/wp-json\/wp\/v2\/types\/post"}],"author":[{"embeddable":true,"href":"https:\/\/dralvarez.com.mx\/larevista\/wp-json\/wp\/v2\/users\/1018"}],"replies":[{"embeddable":true,"href":"https:\/\/dralvarez.com.mx\/larevista\/wp-json\/wp\/v2\/comments?post=62810"}],"version-history":[{"count":0,"href":"https:\/\/dralvarez.com.mx\/larevista\/wp-json\/wp\/v2\/posts\/62810\/revisions"}],"wp:attachment":[{"href":"https:\/\/dralvarez.com.mx\/larevista\/wp-json\/wp\/v2\/media?parent=62810"}],"wp:term":[{"taxonomy":"category","embeddable":true,"href":"https:\/\/dralvarez.com.mx\/larevista\/wp-json\/wp\/v2\/categories?post=62810"},{"taxonomy":"post_tag","embeddable":true,"href":"https:\/\/dralvarez.com.mx\/larevista\/wp-json\/wp\/v2\/tags?post=62810"}],"curies":[{"name":"wp","href":"https:\/\/api.w.org\/{rel}","templated":true}]}}