{"id":62792,"date":"2018-03-02T00:00:00","date_gmt":"2018-03-02T06:00:00","guid":{"rendered":"https:\/\/dralvarez.com.mx\/larevista\/blog\/imparten-la-conferencia-como-ser-mejor-mama-o-papa-22535"},"modified":"2018-03-02T00:00:00","modified_gmt":"2018-03-02T06:00:00","slug":"imparten-la-conferencia-como-ser-mejor-mama-o-papa-22535","status":"publish","type":"post","link":"https:\/\/dralvarez.com.mx\/larevista\/compeche\/imparten-la-conferencia-como-ser-mejor-mama-o-papa-22535","title":{"rendered":"Imparten la conferencia \u00bfC\u00f3mo ser mejor mam\u00e1 o pap\u00e1?"},"content":{"rendered":"<p>Contribuir a generar acciones comprometidas en la protecci\u00f3n de las ni\u00f1as, ni\u00f1os y adolescentes y sus derechos, as\u00ed como el fortalecimiento de lazos familiares fue el objetivo cumplido de la conferencia \u201c\u00bfC\u00f3mo ser mejor mam\u00e1 o pap\u00e1?\u201d, que realiz\u00f3 el Sistema Estatal para el Desarrollo Integral de la Familia (DIF), a trav\u00e9s de la Procuradur\u00eda de Protecci\u00f3n de Ni\u00f1as, Ni\u00f1os y Adolescentes (PNNA).<\/p>\n<p>La Procuradora de PNNA, Teresita de Jes\u00fas Rodr\u00edguez Ch\u00ed, a nombre de la Presidenta del Patronato del DIF Estatal, Christelle Casta\u00f1\u00f3n de Moreno, dio la bienvenida a los participantes y al ponente Ricardo Mart\u00edn Garc\u00eda Novelo, Juez Primero Oral Familiar del Primer Distrito Judicial del Estado, quien atendi\u00f3 y resolvi\u00f3 las dudas de los padres y madres de familia.<\/p>\n<p>El ponente precis\u00f3 que ser padre o madre es un gran privilegio, pero tambi\u00e9n una gran responsabilidad, y m\u00e1s ahora donde el v\u00ednculo familiar se ve amenazado por diversas circunstancias, no s\u00f3lo de \u00edndole interno sino tambi\u00e9n externo, lo cual es agravado cuando se desconoce la magnitud de omitirla en el ejercicio de una paternidad responsable.<\/p>\n<p>El evento se realiz\u00f3 en el sal\u00f3n \u201cLilia Reyes de L\u00f3pez Hern\u00e1ndez\u201d de la Mansi\u00f3n Carvajal, como inicio de una serie de conferencias bimestrales que tienen el objetivo de promover y orientar a las y los integrantes de las familias campechana en temas importantes relacionados a los Derechos de las ni\u00f1as ni\u00f1os y adolescente, las cuales ser\u00e1n organizadas por la PNNA, la subdirecci\u00f3n del Centro de Atenci\u00f3n Psicosocial a Ni\u00f1as, Ni\u00f1os y Adolescentes, que dirige Eloisa Gallardo Gomar, y la Coordinaci\u00f3n de Promoci\u00f3n y Difusi\u00f3n de los Derechos de las Ni\u00f1as, Ni\u00f1os y Adolescentes.<\/p>\n","protected":false},"excerpt":{"rendered":"<p>Contribuir a generar acciones comprometidas en la protecci\u00f3n de las ni\u00f1as, ni\u00f1os y adolescentes y sus derechos.<\/p>\n","protected":false},"author":1018,"featured_media":0,"comment_status":"open","ping_status":"open","sticky":false,"template":"","format":"standard","meta":{"tdm_status":"","tdm_grid_status":"","footnotes":""},"categories":[27],"tags":[],"_links":{"self":[{"href":"https:\/\/dralvarez.com.mx\/larevista\/wp-json\/wp\/v2\/posts\/62792"}],"collection":[{"href":"https:\/\/dralvarez.com.mx\/larevista\/wp-json\/wp\/v2\/posts"}],"about":[{"href":"https:\/\/dralvarez.com.mx\/larevista\/wp-json\/wp\/v2\/types\/post"}],"author":[{"embeddable":true,"href":"https:\/\/dralvarez.com.mx\/larevista\/wp-json\/wp\/v2\/users\/1018"}],"replies":[{"embeddable":true,"href":"https:\/\/dralvarez.com.mx\/larevista\/wp-json\/wp\/v2\/comments?post=62792"}],"version-history":[{"count":0,"href":"https:\/\/dralvarez.com.mx\/larevista\/wp-json\/wp\/v2\/posts\/62792\/revisions"}],"wp:attachment":[{"href":"https:\/\/dralvarez.com.mx\/larevista\/wp-json\/wp\/v2\/media?parent=62792"}],"wp:term":[{"taxonomy":"category","embeddable":true,"href":"https:\/\/dralvarez.com.mx\/larevista\/wp-json\/wp\/v2\/categories?post=62792"},{"taxonomy":"post_tag","embeddable":true,"href":"https:\/\/dralvarez.com.mx\/larevista\/wp-json\/wp\/v2\/tags?post=62792"}],"curies":[{"name":"wp","href":"https:\/\/api.w.org\/{rel}","templated":true}]}}