{"id":62791,"date":"2018-03-02T00:00:00","date_gmt":"2018-03-02T06:00:00","guid":{"rendered":"https:\/\/dralvarez.com.mx\/larevista\/blog\/coronacion-de-los-reyes-del-carnaval-de-los-adultos-mayores-del-dif-estatal-2018-22534"},"modified":"2018-03-02T00:00:00","modified_gmt":"2018-03-02T06:00:00","slug":"coronacion-de-los-reyes-del-carnaval-de-los-adultos-mayores-del-dif-estatal-2018-22534","status":"publish","type":"post","link":"https:\/\/dralvarez.com.mx\/larevista\/compeche\/coronacion-de-los-reyes-del-carnaval-de-los-adultos-mayores-del-dif-estatal-2018-22534","title":{"rendered":"Coronaci\u00f3n de los Reyes del Carnaval de los adultos mayores del DIF Estatal 2018"},"content":{"rendered":"<p>Con un ambiente de cumbia y tradici\u00f3n concluyeron las actividades del carnaval 2018, cuando la Directora General del DIF, Silvia Elena Parrao Arceo, y la Presidenta del Patronato \u201cGrande de Coraz\u00f3n\u201d, Victoria Damas de Aysa, coronaron a los soberanos del carnaval 2018 de los Adultos Mayores del DIF Estatal: Mercedes Quetz Que, \u201cMechita I\u201d, y Carmen Alonso Queb Uc, \u201cCarmito I\u201d.<\/p>\n<p>A nombre de la Presidenta del Patronato del DIF Estatal, Christelle Casta\u00f1\u00f3n de Moreno, la Directora General del DIF felicit\u00f3 a los soberanos y a todos los integrantes de la comparsa por su decidida participaci\u00f3n en estos eventos de tradici\u00f3n cultural que nos distinguen como campechanos, y los motiv\u00f3 a continuar con su entusiasmo. Asimismo, agradeci\u00f3 a la titular de la Direcci\u00f3n de Atenci\u00f3n Integral al Adulto Mayor (DAIAM), Liliana Rendis Buenfil, su compromiso por hacer que la celebraci\u00f3n se convirtiera en evento de grata convivencia.<\/p>\n<p>Los reyes presentaron la Comparsa \u201cBaila con Che\u201d, que transportaron a los asistentes a la \u00e9poca de la cumbia de los a\u00f1os 80\u00b4s. Cabe mencionar que la coreograf\u00eda estuvo a cargo de Cristina Chan Alvarado y la edici\u00f3n musical del Mart\u00edn Cal\u00e1n Suaste.<\/p>\n<p>Tambi\u00e9n, como parte del evento, se presentaron diversas comparsas como \u201cCon Sabor a Colombia\u201d, del Centro Integral para el Adulto Mayor del ISSSTECAM; y la Comparsa \u201cFiesta Latina\u201d, de la Casa del Maestro Jubilado; as\u00ed como el baile de despedida \u201cLa Jaibera\u201d, de Socorro Osorno Delgado, \u201cSocorro I\u201d, Reina de Carnaval de Adultos Mayores del DIF Estatal 2017.<\/p>\n<p>A la coronaci\u00f3n asistieron la Reina del INAPAM, Sara Lourdes del Carmen Garc\u00eda Miss, \u201cSara 1\u201d; de la Residencia y casa de d\u00eda \u201cEl hogar del abuelo\u201d, Noem\u00ed del Carmen Molgora y Guevara, \u201cNoem\u00ed 1\u201d, y Vicente Rosado Mart\u00ednez, \u201cVicente 1\u201d; de la Casa del Maestro Jubilado, Ra\u00fal Santiago Moo Tun, \u201cRas\u00e1n 1\u201d, y  Yara Luisa Caraveo Cervera, \u201cYara I\u201d; as\u00ed como el Delegado del INAPAM, Jos\u00e9 Dur\u00e1n Vallejo.<\/p>\n","protected":false},"excerpt":{"rendered":"<p>Con un ambiente de cumbia y tradici\u00f3n concluyeron las actividades del carnaval 2018.<\/p>\n","protected":false},"author":1018,"featured_media":0,"comment_status":"open","ping_status":"open","sticky":false,"template":"","format":"standard","meta":{"tdm_status":"","tdm_grid_status":"","footnotes":""},"categories":[27],"tags":[],"_links":{"self":[{"href":"https:\/\/dralvarez.com.mx\/larevista\/wp-json\/wp\/v2\/posts\/62791"}],"collection":[{"href":"https:\/\/dralvarez.com.mx\/larevista\/wp-json\/wp\/v2\/posts"}],"about":[{"href":"https:\/\/dralvarez.com.mx\/larevista\/wp-json\/wp\/v2\/types\/post"}],"author":[{"embeddable":true,"href":"https:\/\/dralvarez.com.mx\/larevista\/wp-json\/wp\/v2\/users\/1018"}],"replies":[{"embeddable":true,"href":"https:\/\/dralvarez.com.mx\/larevista\/wp-json\/wp\/v2\/comments?post=62791"}],"version-history":[{"count":0,"href":"https:\/\/dralvarez.com.mx\/larevista\/wp-json\/wp\/v2\/posts\/62791\/revisions"}],"wp:attachment":[{"href":"https:\/\/dralvarez.com.mx\/larevista\/wp-json\/wp\/v2\/media?parent=62791"}],"wp:term":[{"taxonomy":"category","embeddable":true,"href":"https:\/\/dralvarez.com.mx\/larevista\/wp-json\/wp\/v2\/categories?post=62791"},{"taxonomy":"post_tag","embeddable":true,"href":"https:\/\/dralvarez.com.mx\/larevista\/wp-json\/wp\/v2\/tags?post=62791"}],"curies":[{"name":"wp","href":"https:\/\/api.w.org\/{rel}","templated":true}]}}