{"id":62788,"date":"2018-03-02T00:00:00","date_gmt":"2018-03-02T06:00:00","guid":{"rendered":"https:\/\/dralvarez.com.mx\/larevista\/blog\/presentan-la-escuderia-aerodynamic-fusion-cecytec-22531"},"modified":"2018-03-02T00:00:00","modified_gmt":"2018-03-02T06:00:00","slug":"presentan-la-escuderia-aerodynamic-fusion-cecytec-22531","status":"publish","type":"post","link":"https:\/\/dralvarez.com.mx\/larevista\/compeche\/presentan-la-escuderia-aerodynamic-fusion-cecytec-22531","title":{"rendered":"Presentan la escuder\u00eda Aerodynamic Fusion CECYTEC"},"content":{"rendered":"<p>Con el objetivo de acercar a los j\u00f3venes hacia las \u00e1reas de las matem\u00e1ticas, ingenier\u00eda, ciencia y tecnolog\u00eda, el Colegio de Estudios Cient\u00edficos y Tecnol\u00f3gicos del Estado de Campeche (CECyTEC) participa en el programa \u201cF1 in Schools M\u00e9xico\u201d con la escuder\u00eda Aerodynamic Fusi\u00f3n CECyTEC, que fue presentada ante la directora general de la instituci\u00f3n, Cindy Rossina Saravia L\u00f3pez, autoridades educativas, empresarios, personal docente y alumnos del plantel Campeche.<\/p>\n<p>La Escuder\u00eda est\u00e1 conformada por Andr\u00e9s Cervantes, como L\u00edder de la Escuder\u00eda; Bel\u00e9n Pant\u00ed, Ingeniero en Manufactura; Josu\u00e9 Chan, Dise\u00f1ador Gr\u00e1fico; Carlos May, Ingeniero de Dise\u00f1o; Julissa Mijangos, Gerente de Recursos; Carolina Mej\u00eda, Community Manager y Mercadotecnia; todos ellos alumnos del plantel Campeche turno matutino y quienes est\u00e1n asesorados por sus docentes: Sandra Montero Castillo y Luis Enrique Pant\u00ed Cohuo.<\/p>\n<p>De igual forma, la directora general del CECyTEC hizo entrega de  un reconocimiento a cada uno de los patrocinadores, en agradecimiento por su visi\u00f3n y compromiso para apoyar estos grandes proyectos educativos y, sobre todo, confiar en los estudiantes.<\/p>\n<p>En su mensaje a los alumnos, maestros y empresarios ah\u00ed presentes, Saravia L\u00f3pez dijo ser testigo del entusiasmo y empe\u00f1o de estos seis j\u00f3venes, quienes est\u00e1n listos para desempe\u00f1ar un buen papel en la pr\u00f3xima competencia estatal \u201cDesaf\u00edo Tecnol\u00f3gico F1 in Schhols\u201d, que se llevar\u00e1 a cabo en pr\u00f3ximos d\u00edas y donde la escuder\u00eda del Colegio participar\u00e1 junto con otras 12 representantes de otras escuelas de la Entidad.<\/p>\n<p>Agreg\u00f3 que este es un programa en el cual, gracias al Gobierno del Estado de Campeche, encabezado por Alejandro Moreno C\u00e1rdenas, y en coordinaci\u00f3n con la SEP y el Consejo Estatal de Investigaci\u00f3n Cient\u00edfica y Desarrollo Tecnol\u00f3gico (COESICYDET), los alumnos de educaci\u00f3n media superior tienen la oportunidad de aprender a trav\u00e9s de ambientes divertidos y pr\u00e1cticos, pero sobre todo a trav\u00e9s de la simulaci\u00f3n de procesos por los que tiene que pasar una escuder\u00eda de la F\u00f3rmula 1 en la vida real.<\/p>\n<p>Saravia L\u00f3pez destac\u00f3 que este programa actualmente est\u00e1 presente en 44 pa\u00edses y 26 mil escuelas, por lo que aprovech\u00f3 para reiterar su agradecimiento a los empresarios que con su gran visi\u00f3n, apoyan los proyectos educativos que impulsar\u00e1n a tener mejores estudiantes interesados en la investigaci\u00f3n, desarrollo e innovaci\u00f3n; y a los maestros los alent\u00f3 a continuar con esa actitud de emprendimiento.<\/p>\n","protected":false},"excerpt":{"rendered":"<p>Con el objetivo de acercar a los j\u00f3venes hacia las \u00e1reas de las matem\u00e1ticas, ingenier\u00eda, ciencia y tecnolog\u00eda.<\/p>\n","protected":false},"author":1018,"featured_media":0,"comment_status":"open","ping_status":"open","sticky":false,"template":"","format":"standard","meta":{"tdm_status":"","tdm_grid_status":"","footnotes":""},"categories":[27],"tags":[],"_links":{"self":[{"href":"https:\/\/dralvarez.com.mx\/larevista\/wp-json\/wp\/v2\/posts\/62788"}],"collection":[{"href":"https:\/\/dralvarez.com.mx\/larevista\/wp-json\/wp\/v2\/posts"}],"about":[{"href":"https:\/\/dralvarez.com.mx\/larevista\/wp-json\/wp\/v2\/types\/post"}],"author":[{"embeddable":true,"href":"https:\/\/dralvarez.com.mx\/larevista\/wp-json\/wp\/v2\/users\/1018"}],"replies":[{"embeddable":true,"href":"https:\/\/dralvarez.com.mx\/larevista\/wp-json\/wp\/v2\/comments?post=62788"}],"version-history":[{"count":0,"href":"https:\/\/dralvarez.com.mx\/larevista\/wp-json\/wp\/v2\/posts\/62788\/revisions"}],"wp:attachment":[{"href":"https:\/\/dralvarez.com.mx\/larevista\/wp-json\/wp\/v2\/media?parent=62788"}],"wp:term":[{"taxonomy":"category","embeddable":true,"href":"https:\/\/dralvarez.com.mx\/larevista\/wp-json\/wp\/v2\/categories?post=62788"},{"taxonomy":"post_tag","embeddable":true,"href":"https:\/\/dralvarez.com.mx\/larevista\/wp-json\/wp\/v2\/tags?post=62788"}],"curies":[{"name":"wp","href":"https:\/\/api.w.org\/{rel}","templated":true}]}}