{"id":62787,"date":"2018-03-02T00:00:00","date_gmt":"2018-03-02T06:00:00","guid":{"rendered":"https:\/\/dralvarez.com.mx\/larevista\/blog\/indefos-impartio-el-curso-introduccion-a-la-administracion-publica-22530"},"modified":"2018-03-02T00:00:00","modified_gmt":"2018-03-02T06:00:00","slug":"indefos-impartio-el-curso-introduccion-a-la-administracion-publica-22530","status":"publish","type":"post","link":"https:\/\/dralvarez.com.mx\/larevista\/compeche\/indefos-impartio-el-curso-introduccion-a-la-administracion-publica-22530","title":{"rendered":"Indefos imparti\u00f3 el curso \u201cIntroducci\u00f3n a la Administraci\u00f3n P\u00fablica\u201d"},"content":{"rendered":"<p>El Instituto de Desarrollo y Formaci\u00f3n Social (Indefos), en coordinaci\u00f3n con el \u00e1rea de Juventud y Deportes del Gobierno Municipal de Campeche, imparti\u00f3 el curso \u201cIntroducci\u00f3n a la Administraci\u00f3n P\u00fablica\u201d, dirigido a los integrantes del Cabildo Juvenil Municipal, con el objetivo de presentar a los j\u00f3venes los conceptos y c\u00f3mo se integra la Administraci\u00f3n P\u00fablica Municipal.<\/p>\n","protected":false},"excerpt":{"rendered":"<p>En coordinaci\u00f3n con el \u00e1rea de Juventud y Deportes del Gobierno Municipal de Campeche.<\/p>\n","protected":false},"author":1018,"featured_media":0,"comment_status":"open","ping_status":"open","sticky":false,"template":"","format":"standard","meta":{"tdm_status":"","tdm_grid_status":"","footnotes":""},"categories":[27],"tags":[],"_links":{"self":[{"href":"https:\/\/dralvarez.com.mx\/larevista\/wp-json\/wp\/v2\/posts\/62787"}],"collection":[{"href":"https:\/\/dralvarez.com.mx\/larevista\/wp-json\/wp\/v2\/posts"}],"about":[{"href":"https:\/\/dralvarez.com.mx\/larevista\/wp-json\/wp\/v2\/types\/post"}],"author":[{"embeddable":true,"href":"https:\/\/dralvarez.com.mx\/larevista\/wp-json\/wp\/v2\/users\/1018"}],"replies":[{"embeddable":true,"href":"https:\/\/dralvarez.com.mx\/larevista\/wp-json\/wp\/v2\/comments?post=62787"}],"version-history":[{"count":0,"href":"https:\/\/dralvarez.com.mx\/larevista\/wp-json\/wp\/v2\/posts\/62787\/revisions"}],"wp:attachment":[{"href":"https:\/\/dralvarez.com.mx\/larevista\/wp-json\/wp\/v2\/media?parent=62787"}],"wp:term":[{"taxonomy":"category","embeddable":true,"href":"https:\/\/dralvarez.com.mx\/larevista\/wp-json\/wp\/v2\/categories?post=62787"},{"taxonomy":"post_tag","embeddable":true,"href":"https:\/\/dralvarez.com.mx\/larevista\/wp-json\/wp\/v2\/tags?post=62787"}],"curies":[{"name":"wp","href":"https:\/\/api.w.org\/{rel}","templated":true}]}}