{"id":62786,"date":"2018-03-02T00:00:00","date_gmt":"2018-03-02T06:00:00","guid":{"rendered":"https:\/\/dralvarez.com.mx\/larevista\/blog\/indefos-impartio-el-curso-programas-federales-para-municipios-2018-22529"},"modified":"2018-03-02T00:00:00","modified_gmt":"2018-03-02T06:00:00","slug":"indefos-impartio-el-curso-programas-federales-para-municipios-2018-22529","status":"publish","type":"post","link":"https:\/\/dralvarez.com.mx\/larevista\/compeche\/indefos-impartio-el-curso-programas-federales-para-municipios-2018-22529","title":{"rendered":"Indefos imparti\u00f3 el curso \u201cProgramas Federales para Municipios 2018\u201d"},"content":{"rendered":"<p>El Instituto de Desarrollo y Formaci\u00f3n Social (Indefos) imparti\u00f3 el curso \u201cProgramas Federales para Municipios 2018\u201d, dirigido a servidores p\u00fablicos de las diversas direcciones del H. Ayuntamiento de Calkin\u00ed. El contexto fue presentar los conceptos y el cat\u00e1logo de Programas Federales para Municipios 2018, el cual constituye un apoyo para que los gobiernos locales conozcan los diferentes apoyos del Gobierno Federal, destinados al desarrollo de proyectos y satisfacci\u00f3n de demandas sociales.<\/p>\n","protected":false},"excerpt":{"rendered":"<p>Dirigido a servidores p\u00fablicos de las diversas direcciones del H. Ayuntamiento de Calkin\u00ed.<\/p>\n","protected":false},"author":1018,"featured_media":0,"comment_status":"open","ping_status":"open","sticky":false,"template":"","format":"standard","meta":{"tdm_status":"","tdm_grid_status":"","footnotes":""},"categories":[27],"tags":[],"_links":{"self":[{"href":"https:\/\/dralvarez.com.mx\/larevista\/wp-json\/wp\/v2\/posts\/62786"}],"collection":[{"href":"https:\/\/dralvarez.com.mx\/larevista\/wp-json\/wp\/v2\/posts"}],"about":[{"href":"https:\/\/dralvarez.com.mx\/larevista\/wp-json\/wp\/v2\/types\/post"}],"author":[{"embeddable":true,"href":"https:\/\/dralvarez.com.mx\/larevista\/wp-json\/wp\/v2\/users\/1018"}],"replies":[{"embeddable":true,"href":"https:\/\/dralvarez.com.mx\/larevista\/wp-json\/wp\/v2\/comments?post=62786"}],"version-history":[{"count":0,"href":"https:\/\/dralvarez.com.mx\/larevista\/wp-json\/wp\/v2\/posts\/62786\/revisions"}],"wp:attachment":[{"href":"https:\/\/dralvarez.com.mx\/larevista\/wp-json\/wp\/v2\/media?parent=62786"}],"wp:term":[{"taxonomy":"category","embeddable":true,"href":"https:\/\/dralvarez.com.mx\/larevista\/wp-json\/wp\/v2\/categories?post=62786"},{"taxonomy":"post_tag","embeddable":true,"href":"https:\/\/dralvarez.com.mx\/larevista\/wp-json\/wp\/v2\/tags?post=62786"}],"curies":[{"name":"wp","href":"https:\/\/api.w.org\/{rel}","templated":true}]}}