{"id":62785,"date":"2018-03-02T00:00:00","date_gmt":"2018-03-02T06:00:00","guid":{"rendered":"https:\/\/dralvarez.com.mx\/larevista\/blog\/contribuye-seduc-a-fortalecer-la-labor-de-madres-y-padres-de-familia-22528"},"modified":"2018-03-02T00:00:00","modified_gmt":"2018-03-02T06:00:00","slug":"contribuye-seduc-a-fortalecer-la-labor-de-madres-y-padres-de-familia-22528","status":"publish","type":"post","link":"https:\/\/dralvarez.com.mx\/larevista\/compeche\/contribuye-seduc-a-fortalecer-la-labor-de-madres-y-padres-de-familia-22528","title":{"rendered":"Contribuye SEDUC a fortalecer la labor de madres y padres de familia"},"content":{"rendered":"<p>Con el objetivo de fortalecer la labor de madres y padres de familia, as\u00ed como tutores, la Secretar\u00eda de Educaci\u00f3n del Gobierno del Estado de Campeche (SEDUC) implementa el programa \u201cCreciendo en Familia\u201d, donde, a trav\u00e9s de las conferencias \u201cEduca, no lastimes\u201d y \u201cC\u00f3mo prevenir conductas de riesgos en los hijos\u201d, impartidas por el especialista Vidal Schmill, se orienta sobre su quehacer en el hogar, favoreciendo tambi\u00e9n a la creaci\u00f3n de ambientes sanos en las escuelas.<\/p>\n<p>La coordinadora de Participaci\u00f3n Social de la SEDUC, Lidia Berr\u00f3n Osorno, se\u00f1al\u00f3 que a trav\u00e9s de estas pl\u00e1ticas, se abordan puntos que permiten a los participantes, desarrollar sus capacidades educativas y que, con esto, las ni\u00f1as, ni\u00f1os y j\u00f3venes reciban de ellos un mejor trato y exista una comunicaci\u00f3n eficaz para resolver conflictos de forma pac\u00edfica en el \u00e1mbito familiar.<\/p>\n<p>Vidal Schmill es pedagogo, especialista en Desarrollo Humano, orador con experiencia internacional. Ha impartido conferencias y cursos en Guatemala, El Salvador, Ecuador, Per\u00fa, Bolivia y Argentina. Asimismo es autor del libro \u201cDisciplina inteligente Manual de estrategias actuales para una educaci\u00f3n en el Hogar\u201d, basada en valores, el cual ha vendido m\u00e1s de 500 mil ejemplares; entre otros.<\/p>\n<p>Dentro de su experiencia tambi\u00e9n ha realizado diversos programas con el fin de mejorar la comunicaci\u00f3n y reducir la violencia intrafamiliar, promover valores y forjar comunidades educativas favorables.<\/p>\n<p>El programa \u201cCreciendo en Familia\u201d de la SEDUC, ha recorrido diversos municipios del Estado, y este 01 de marzo culminar\u00e1 su gira en el Centro de Convenciones \u201cCampeche XXI\u201d, a las 17:30 horas., por lo que la dependencia invita a la comunidad en general a ser part\u00edcipe de este importante evento gratuito.<\/p>\n","protected":false},"excerpt":{"rendered":"<p>Promueve ambientes sanos en el hogar a trav\u00e9s de conferencias.<\/p>\n","protected":false},"author":1018,"featured_media":0,"comment_status":"open","ping_status":"open","sticky":false,"template":"","format":"standard","meta":{"tdm_status":"","tdm_grid_status":"","footnotes":""},"categories":[27],"tags":[],"_links":{"self":[{"href":"https:\/\/dralvarez.com.mx\/larevista\/wp-json\/wp\/v2\/posts\/62785"}],"collection":[{"href":"https:\/\/dralvarez.com.mx\/larevista\/wp-json\/wp\/v2\/posts"}],"about":[{"href":"https:\/\/dralvarez.com.mx\/larevista\/wp-json\/wp\/v2\/types\/post"}],"author":[{"embeddable":true,"href":"https:\/\/dralvarez.com.mx\/larevista\/wp-json\/wp\/v2\/users\/1018"}],"replies":[{"embeddable":true,"href":"https:\/\/dralvarez.com.mx\/larevista\/wp-json\/wp\/v2\/comments?post=62785"}],"version-history":[{"count":0,"href":"https:\/\/dralvarez.com.mx\/larevista\/wp-json\/wp\/v2\/posts\/62785\/revisions"}],"wp:attachment":[{"href":"https:\/\/dralvarez.com.mx\/larevista\/wp-json\/wp\/v2\/media?parent=62785"}],"wp:term":[{"taxonomy":"category","embeddable":true,"href":"https:\/\/dralvarez.com.mx\/larevista\/wp-json\/wp\/v2\/categories?post=62785"},{"taxonomy":"post_tag","embeddable":true,"href":"https:\/\/dralvarez.com.mx\/larevista\/wp-json\/wp\/v2\/tags?post=62785"}],"curies":[{"name":"wp","href":"https:\/\/api.w.org\/{rel}","templated":true}]}}