{"id":62722,"date":"2018-02-28T00:00:00","date_gmt":"2018-02-28T06:00:00","guid":{"rendered":"https:\/\/dralvarez.com.mx\/larevista\/blog\/operacion-felicidad-22462"},"modified":"2018-02-28T00:00:00","modified_gmt":"2018-02-28T06:00:00","slug":"operacion-felicidad-22462","status":"publish","type":"post","link":"https:\/\/dralvarez.com.mx\/larevista\/compeche\/operacion-felicidad-22462","title":{"rendered":"Operaci\u00f3n Felicidad"},"content":{"rendered":"<p>Con la participaci\u00f3n de 300 j\u00f3venes de Educaci\u00f3n Media Superior, la Secretar\u00eda de Educaci\u00f3n del Gobierno del Estado (SEDUC), a trav\u00e9s de la Coordinaci\u00f3n de Participaci\u00f3n Social, desarroll\u00f3 el concierto-conferencia \u201cOperaci\u00f3n Felicidad\u201d en el municipio de Hecelchak\u00e1n, mismo que desde su arranque el pasado 14 de febrero y hasta la fecha, ha atendido a m\u00e1s de siete mil personas entre padres de familia y estudiantes de los municipios de Calkin\u00ed, Palizada, Candelaria, Calakmul, Esc\u00e1rcega, Champot\u00f3n, Carmen, y Hopelch\u00e9n. La gira que concluye el pr\u00f3ximo 2 de marzo, llegar\u00e1 tambi\u00e9n a estudiantes del CETMAR 02, de la Escuela Preparatoria \u201cDr. Nazario V\u00edctor Montejo Godoy\u201d, del COBACAM 19, CONALEP y CECYTEC de Campeche, todas con acceso gratuito.<\/p>\n<p>La coordinadora de Participaci\u00f3n Social de la SEDUC, Lidia Berr\u00f3n Osorno, se\u00f1al\u00f3 que, en esta edici\u00f3n, la actividad se realiza bajo la tem\u00e1tica \u201c\u00bfQu\u00e9 hago con mi vida?\u201d, donde los participantes, a trav\u00e9s de esta estrategia divertida y din\u00e1mica, tienen la oportunidad de hacer reflexi\u00f3n sobre sus proyectos de vida; asimismo, precis\u00f3 que de manera espec\u00edfica se han atendido a siete mil 200 personas, de los cuales 650 corresponden al municipio de Calkin\u00ed; 400 de Palizada; 600 de Candelaria; 300 de Calakmul; 950 de Esc\u00e1rcega; 600 Champot\u00f3n; tres mil en Carmen; 400 en Hopelch\u00e9n; y 300 en Hecelchak\u00e1n.<\/p>\n","protected":false},"excerpt":{"rendered":"<p>La actividad se realiza bajo la tem\u00e1tica \u201c\u00bfQu\u00e9 hago con mi vida?\u201d<\/p>\n","protected":false},"author":1018,"featured_media":0,"comment_status":"open","ping_status":"open","sticky":false,"template":"","format":"standard","meta":{"tdm_status":"","tdm_grid_status":"","footnotes":""},"categories":[27],"tags":[],"_links":{"self":[{"href":"https:\/\/dralvarez.com.mx\/larevista\/wp-json\/wp\/v2\/posts\/62722"}],"collection":[{"href":"https:\/\/dralvarez.com.mx\/larevista\/wp-json\/wp\/v2\/posts"}],"about":[{"href":"https:\/\/dralvarez.com.mx\/larevista\/wp-json\/wp\/v2\/types\/post"}],"author":[{"embeddable":true,"href":"https:\/\/dralvarez.com.mx\/larevista\/wp-json\/wp\/v2\/users\/1018"}],"replies":[{"embeddable":true,"href":"https:\/\/dralvarez.com.mx\/larevista\/wp-json\/wp\/v2\/comments?post=62722"}],"version-history":[{"count":0,"href":"https:\/\/dralvarez.com.mx\/larevista\/wp-json\/wp\/v2\/posts\/62722\/revisions"}],"wp:attachment":[{"href":"https:\/\/dralvarez.com.mx\/larevista\/wp-json\/wp\/v2\/media?parent=62722"}],"wp:term":[{"taxonomy":"category","embeddable":true,"href":"https:\/\/dralvarez.com.mx\/larevista\/wp-json\/wp\/v2\/categories?post=62722"},{"taxonomy":"post_tag","embeddable":true,"href":"https:\/\/dralvarez.com.mx\/larevista\/wp-json\/wp\/v2\/tags?post=62722"}],"curies":[{"name":"wp","href":"https:\/\/api.w.org\/{rel}","templated":true}]}}