{"id":62721,"date":"2018-02-28T00:00:00","date_gmt":"2018-02-28T06:00:00","guid":{"rendered":"https:\/\/dralvarez.com.mx\/larevista\/blog\/el-ambiente-esta-en-tu-escuela-22461"},"modified":"2018-02-28T00:00:00","modified_gmt":"2018-02-28T06:00:00","slug":"el-ambiente-esta-en-tu-escuela-22461","status":"publish","type":"post","link":"https:\/\/dralvarez.com.mx\/larevista\/compeche\/el-ambiente-esta-en-tu-escuela-22461","title":{"rendered":"El Ambiente est\u00e1 en tu escuela"},"content":{"rendered":"<p>La Secretar\u00eda de Educaci\u00f3n (SEDUC), a trav\u00e9s de la Subdirecci\u00f3n de Investigaci\u00f3n y Desarrollo Educativo (SIDE), llev\u00f3 a cabo el programa &#8220;El Ambiente est\u00e1 en tu escuela&#8221;, realizando la reforestaci\u00f3n del Jard\u00edn de Ni\u00f1os &#8220;Elvia Mar\u00eda P\u00e9rez de Gonz\u00e1lez&#8221;, donde alumnos, autoridades educativas, madres y padres de familia, plantaron 100 \u00e1rboles de ornato con el prop\u00f3sito de fomentar en las ni\u00f1as y ni\u00f1os, una cultura de cuidado del medio ambiente, as\u00ed como la conservaci\u00f3n de las \u00e1reas verdes. En esta actividad se cont\u00f3 con la participaci\u00f3n de autoridades de la CONAFOR, del H. Ayuntamiento de Campeche, la SEMARNATCAM, y el Comit\u00e9 de Aliarse por Campeche.<\/p>\n","protected":false},"excerpt":{"rendered":"<p>Realizando la reforestaci\u00f3n del Jard\u00edn de Ni\u00f1os &#8220;Elvia Mar\u00eda P\u00e9rez de Gonz\u00e1lez&#8221;.<\/p>\n","protected":false},"author":1018,"featured_media":0,"comment_status":"open","ping_status":"open","sticky":false,"template":"","format":"standard","meta":{"tdm_status":"","tdm_grid_status":"","footnotes":""},"categories":[27],"tags":[],"_links":{"self":[{"href":"https:\/\/dralvarez.com.mx\/larevista\/wp-json\/wp\/v2\/posts\/62721"}],"collection":[{"href":"https:\/\/dralvarez.com.mx\/larevista\/wp-json\/wp\/v2\/posts"}],"about":[{"href":"https:\/\/dralvarez.com.mx\/larevista\/wp-json\/wp\/v2\/types\/post"}],"author":[{"embeddable":true,"href":"https:\/\/dralvarez.com.mx\/larevista\/wp-json\/wp\/v2\/users\/1018"}],"replies":[{"embeddable":true,"href":"https:\/\/dralvarez.com.mx\/larevista\/wp-json\/wp\/v2\/comments?post=62721"}],"version-history":[{"count":0,"href":"https:\/\/dralvarez.com.mx\/larevista\/wp-json\/wp\/v2\/posts\/62721\/revisions"}],"wp:attachment":[{"href":"https:\/\/dralvarez.com.mx\/larevista\/wp-json\/wp\/v2\/media?parent=62721"}],"wp:term":[{"taxonomy":"category","embeddable":true,"href":"https:\/\/dralvarez.com.mx\/larevista\/wp-json\/wp\/v2\/categories?post=62721"},{"taxonomy":"post_tag","embeddable":true,"href":"https:\/\/dralvarez.com.mx\/larevista\/wp-json\/wp\/v2\/tags?post=62721"}],"curies":[{"name":"wp","href":"https:\/\/api.w.org\/{rel}","templated":true}]}}