{"id":62720,"date":"2018-02-28T00:00:00","date_gmt":"2018-02-28T06:00:00","guid":{"rendered":"https:\/\/dralvarez.com.mx\/larevista\/blog\/reunion-de-trabajo-con-el-secretario-de-gobernacion-22460"},"modified":"2018-02-28T00:00:00","modified_gmt":"2018-02-28T06:00:00","slug":"reunion-de-trabajo-con-el-secretario-de-gobernacion-22460","status":"publish","type":"post","link":"https:\/\/dralvarez.com.mx\/larevista\/compeche\/reunion-de-trabajo-con-el-secretario-de-gobernacion-22460","title":{"rendered":"Reuni\u00f3n de trabajo con el secretario de Gobernaci\u00f3n"},"content":{"rendered":"<p><b>CIUDAD DE M\u00c9XICO.- <\/b>El gobernador Alejandro Moreno C\u00e1rdenas particip\u00f3 en la reuni\u00f3n de trabajo que el secretario de Gobernaci\u00f3n, Alfonso Navarrete Prida, sostuvo con mandatarios estatales priistas para tratar temas relacionados con la gobernabilidad y seguridad en el pa\u00eds, e intercambiar opiniones sobre estrategias que permitan crear condiciones de paz y tranquilidad a las familias mexicanas. <\/p>\n","protected":false},"excerpt":{"rendered":"<p>El gobernador Alejandro Moreno C\u00e1rdenas particip\u00f3 en la reuni\u00f3n de trabajo con el secretario de Gobernaci\u00f3n, Alfonso Navarrete Prida<\/p>\n","protected":false},"author":1018,"featured_media":0,"comment_status":"open","ping_status":"open","sticky":false,"template":"","format":"standard","meta":{"tdm_status":"","tdm_grid_status":"","footnotes":""},"categories":[27],"tags":[],"_links":{"self":[{"href":"https:\/\/dralvarez.com.mx\/larevista\/wp-json\/wp\/v2\/posts\/62720"}],"collection":[{"href":"https:\/\/dralvarez.com.mx\/larevista\/wp-json\/wp\/v2\/posts"}],"about":[{"href":"https:\/\/dralvarez.com.mx\/larevista\/wp-json\/wp\/v2\/types\/post"}],"author":[{"embeddable":true,"href":"https:\/\/dralvarez.com.mx\/larevista\/wp-json\/wp\/v2\/users\/1018"}],"replies":[{"embeddable":true,"href":"https:\/\/dralvarez.com.mx\/larevista\/wp-json\/wp\/v2\/comments?post=62720"}],"version-history":[{"count":0,"href":"https:\/\/dralvarez.com.mx\/larevista\/wp-json\/wp\/v2\/posts\/62720\/revisions"}],"wp:attachment":[{"href":"https:\/\/dralvarez.com.mx\/larevista\/wp-json\/wp\/v2\/media?parent=62720"}],"wp:term":[{"taxonomy":"category","embeddable":true,"href":"https:\/\/dralvarez.com.mx\/larevista\/wp-json\/wp\/v2\/categories?post=62720"},{"taxonomy":"post_tag","embeddable":true,"href":"https:\/\/dralvarez.com.mx\/larevista\/wp-json\/wp\/v2\/tags?post=62720"}],"curies":[{"name":"wp","href":"https:\/\/api.w.org\/{rel}","templated":true}]}}