{"id":62715,"date":"2018-02-28T00:00:00","date_gmt":"2018-02-28T06:00:00","guid":{"rendered":"https:\/\/dralvarez.com.mx\/larevista\/blog\/la-presidenta-honoraria-de-la-cruz-roja-christelle-castanon-de-moreno-encabeza-desayuno-y-banderazo-de-la-colecta-cruz-roja-2018-22455"},"modified":"2018-02-28T00:00:00","modified_gmt":"2018-02-28T06:00:00","slug":"la-presidenta-honoraria-de-la-cruz-roja-christelle-castanon-de-moreno-encabeza-desayuno-y-banderazo-de-la-colecta-cruz-roja-2018-22455","status":"publish","type":"post","link":"https:\/\/dralvarez.com.mx\/larevista\/compeche\/la-presidenta-honoraria-de-la-cruz-roja-christelle-castanon-de-moreno-encabeza-desayuno-y-banderazo-de-la-colecta-cruz-roja-2018-22455","title":{"rendered":"La Presidenta Honoraria de la Cruz Roja, Christelle Casta\u00f1\u00f3n de Moreno, encabeza desayuno y banderazo de la colecta cruz roja 2018"},"content":{"rendered":"<p>La Presidenta del Patronato del DIF Estatal y Honoraria de la Cruz Roja, Christelle Casta\u00f1\u00f3n de Moreno, invit\u00f3 a la sociedad a sumarse a la colecta para fortalecer a la Cruz Roja Mexicana en Campeche, con el lema \u201cNecesitamos de tus manos para poder seguir ayudando\u201d, y as\u00ed poder rebasar la meta del a\u00f1o pasado que fue de dos millones 108 mil 750 pesos.<\/p>\n<p>\u201cNos ha convocado una gran familia institucional que es de todos los campechanos, la Cruz Roja, hoy iniciando la colecta 2018, y a ustedes por su asistencia, gracias por refrendar esta causa, sabemos de su labor humanitaria, sobre todo en asuntos de desastres naturales, sigamos ayudando a esta noble causa\u201d, dijo.<\/p>\n<p>Reconoci\u00f3 a todas las promotoras, patronato e instituciones que con su apoyo hacen fuerte a la Cruz Roja, as\u00ed como a cada uno de quienes la integran, porque todos en alg\u00fan momento de la vida han necesitado de la instituci\u00f3n; \u201cvamos ayudar donando y antes de despedirme les transmito el afectuoso saludo de mi esposo, el Gobernador del Estado, Alejandro Moreno C\u00e1rdenas\u201d.<\/p>\n<p>Como parte de las actividades, la delegaci\u00f3n estatal, encabezada por Alejandro Azar P\u00e9rez, ofreci\u00f3 un desayuno para los voluntarios que sirvi\u00f3 de marco para reconocer a las dependencias que m\u00e1s labor social realizaron para recaudar fondos para la noble instituci\u00f3n.<\/p>\n<p>Cabe destacar que todo el evento tuvo lugar en el Centro de Convenciones y Exposiciones Campeche XXI, donde posteriormente Casta\u00f1\u00f3n de Moreno y los asistentes se tomaron la foto oficial de la Colecta 2018<\/p>\n<p>Por su parte, Azar P\u00e9rez refrend\u00f3 el compromiso que tiene la instituci\u00f3n hacia los ciudadanos, y reconoci\u00f3 el entusiasmo y compromiso de la Presidenta del Patronato del DIF Estatal para con la Cruz Roja.<\/p>\n<p>\u201cEl a\u00f1o pasado brindaron 10 mil 500 servicios de ambulancia y m\u00e1s de 25 mil consultas en todo el estado, el exhorto es seguir apoyando al organismo; tengan la confianza de que el monto recaudado se queda para cubrir las necesidades de los campechanos\u201d, se\u00f1al\u00f3.<\/p>\n<p>En el evento estuvieron presentes la Directora General del DIF, Silvia Elena Parrao Arceo; el titular de la Secretar\u00eda de Salud, Rafael Rodr\u00edguez Cabrera; el Rector de la Universidad Aut\u00f3noma de Campeche (UAC), Gerardo Montero P\u00e9rez; la Presidenta del Sistema DIF Municipal de Campeche, Enna Ort\u00edz de Hern\u00e1ndez; la Directora de Desarrollo Familiar y Voluntariado, Sonia Castillo Trevi\u00f1o; la Coordinadora Estatal de damas voluntarias de la CR, Elia Rosa Sales Heredia; autoridades de la 3\u00aa Regi\u00f3n Naval y damas de los diferentes grupos de promotoriados y representantes de las delegaciones.<\/p>\n","protected":false},"excerpt":{"rendered":"<p>\u201cNecesitamos de tus manos para poder seguir ayudando\u201d.<\/p>\n","protected":false},"author":1018,"featured_media":0,"comment_status":"open","ping_status":"open","sticky":false,"template":"","format":"standard","meta":{"tdm_status":"","tdm_grid_status":"","footnotes":""},"categories":[27],"tags":[],"_links":{"self":[{"href":"https:\/\/dralvarez.com.mx\/larevista\/wp-json\/wp\/v2\/posts\/62715"}],"collection":[{"href":"https:\/\/dralvarez.com.mx\/larevista\/wp-json\/wp\/v2\/posts"}],"about":[{"href":"https:\/\/dralvarez.com.mx\/larevista\/wp-json\/wp\/v2\/types\/post"}],"author":[{"embeddable":true,"href":"https:\/\/dralvarez.com.mx\/larevista\/wp-json\/wp\/v2\/users\/1018"}],"replies":[{"embeddable":true,"href":"https:\/\/dralvarez.com.mx\/larevista\/wp-json\/wp\/v2\/comments?post=62715"}],"version-history":[{"count":0,"href":"https:\/\/dralvarez.com.mx\/larevista\/wp-json\/wp\/v2\/posts\/62715\/revisions"}],"wp:attachment":[{"href":"https:\/\/dralvarez.com.mx\/larevista\/wp-json\/wp\/v2\/media?parent=62715"}],"wp:term":[{"taxonomy":"category","embeddable":true,"href":"https:\/\/dralvarez.com.mx\/larevista\/wp-json\/wp\/v2\/categories?post=62715"},{"taxonomy":"post_tag","embeddable":true,"href":"https:\/\/dralvarez.com.mx\/larevista\/wp-json\/wp\/v2\/tags?post=62715"}],"curies":[{"name":"wp","href":"https:\/\/api.w.org\/{rel}","templated":true}]}}