{"id":62714,"date":"2018-02-28T00:00:00","date_gmt":"2018-02-28T06:00:00","guid":{"rendered":"https:\/\/dralvarez.com.mx\/larevista\/blog\/christelle-castanon-de-moreno-entrega-premios-a-la-atencion-del-adulto-mayor-22454"},"modified":"2018-02-28T00:00:00","modified_gmt":"2018-02-28T06:00:00","slug":"christelle-castanon-de-moreno-entrega-premios-a-la-atencion-del-adulto-mayor-22454","status":"publish","type":"post","link":"https:\/\/dralvarez.com.mx\/larevista\/compeche\/christelle-castanon-de-moreno-entrega-premios-a-la-atencion-del-adulto-mayor-22454","title":{"rendered":"Christelle Casta\u00f1\u00f3n de Moreno entrega premios a la Atenci\u00f3n del Adulto Mayor"},"content":{"rendered":"<p>\u201cComo sociedad tenemos el compromiso de velar por la protecci\u00f3n de sus derechos de cuidarlos y motivarlos para que sean parte de todo proceso de desarrollo, ustedes los adultos mayores y el gobierno de Alejandro Moreno C\u00e1rdenas, seguir\u00e1 trabajando para que su vida sea digna y humana\u201d, subray\u00f3 la Presidenta del Patronato del DIF Estatal, Christelle Casta\u00f1\u00f3n de Moreno, en la entrega al Premio a la Atenci\u00f3n al Adulto Mayor, al M\u00e9rito Institucional a la Atenci\u00f3n del Adulto Mayor y el M\u00e9rito a la Responsabilidad Social.<\/p>\n<p>Asimismo, en la ceremonia que tuvo lugar en el teatro universitario \u201cJoaqu\u00edn Lanz\u201d, celebr\u00f3 que los gobiernos y las instituciones, la sociedad civil, el sector empresarial y ciudadanos comprometidos en uni\u00f3n con el DIF Estatal trabajen coordinadamente para ofrecer mayores oportunidades de inclusi\u00f3n.<\/p>\n<p>Indic\u00f3 que la convocatoria fue la suma de esfuerzos del DIF Estatal, a trav\u00e9s de la Direcci\u00f3n de Atenci\u00f3n Integral al Adulto Mayor (DAIAM), y el Consejo Estatal de Poblaci\u00f3n (COESPO), la Secretar\u00eda de Trabajo y Previsi\u00f3n Social del Gobierno del Estado (STPSCAM), el Consejo Coordinador Empresarial  (CCE) y la C\u00e1mara Nacional de Comercio (CANACO).<\/p>\n<p>Casta\u00f1\u00f3n de Moreno felicit\u00f3 a los ganadores del premio a la Atenci\u00f3n del Adulto Mayor en  la categor\u00eda individual, siendo Severiano Mola Ortega, gestor voluntario del municipio de Esc\u00e1rcega; en la categor\u00eda grupal, el Patronato Pro Abuelitos Cheneros, asociaci\u00f3n civil que apoya a la casa hogar \u201cDr. Abelardo Lara Negr\u00f3n\u201d, del municipio de Hopelch\u00e9n; y se entreg\u00f3 una menci\u00f3n especial para el Hogar de Ancianos, A.C., de la Casa Villa Merced, del municipio de Carmen.<\/p>\n<p>En lo que se refiere al M\u00e9rito Institucional a la atenci\u00f3n al Adulto Mayor, los ganadores fueron  Mar\u00eda del Carmen Ortiz Chan,  Eugenia Cob Ramos, Dianey Soledad Cuevas Cardoz, Martha M\u00f3nica Quiroz M\u00e1rquez, Oscar Francisco Matos Yerbes, Aziel Eduardo Rivero Cardos y Ver\u00f3nica Balbina Roca Balan, todos del Hogar de Ancianos \u201cLicda. Dolores Lanz de Echeverr\u00eda\u201d.<\/p>\n<p>As\u00ed como al responsable de Atenci\u00f3n al Adulto Mayor de Calakmul, Irasema Figueroa Payan; la encargada de los Clubs del Adulto Mayor DIF Campeche, Micaela Sansores Polanco; la encargada de diversas funciones de la Casa Hogar \u201cAlba, Mar\u00eda y Sof\u00eda\u201d, de Esc\u00e1rcega, Leydi Cobo Santos; el m\u00e9dico del DIF Hopelch\u00e9n, Jorge Miss Berl\u00edn; la voluntaria de reposter\u00eda del DIF Tenabo, Mar\u00eda Jes\u00fas Uc  Estrella; la trabajadora social de DIF Carmen, Guadalupe Calc\u00e1neo Fonoy; la encargada del comedor del adulto mayor del DIF Hecelchak\u00e1n, Alma Colli Chan; la encargada del Club del Adulto Mayor del DIF Champot\u00f3n, Lidia Arjona Sarmiento; el m\u00e9dico de la Secretar\u00eda de Salud, Luis Felipe Poot Rivera; la enfermera Concepci\u00f3n Sandoval Jaidar; y el m\u00e9dico de la Secretaria de Salud, Jos\u00e9 Ferrer Gonz\u00e1lez.<\/p>\n<p>Por haberse distinguido por el alto compromiso social en la inclusi\u00f3n laboral de personas adultas mayores, Casta\u00f1\u00f3n de Moreno distingui\u00f3 con el M\u00e9rito a la Responsabilidad Social a las empresas: Grupo Halcones, Corporativo \u201cFranco\u201d, Grupo C\u00f3ndor, Comex, Asadero \u201cSinaloa\u201d y Prestadora de Servicios GES, S.A de C.V.<\/p>\n<p>Al evento asistieron la Directora General del DIF, Silvia Elena Parrao; el titular de la Secretar\u00eda de Salud, Rafael Rodr\u00edguez Cabrera; el Rector de la Universidad Aut\u00f3noma de Campeche (UAC), Gerardo Montero P\u00e9rez; el Secretario T\u00e9cnico del Consejo Estatal de Poblaci\u00f3n (COESPO), Sergio Leal G\u00f3mez; el presidente del Consejo Coordinador Empresarial (CCE), Gustavo Rodr\u00edguez Valle; la Directora del DAIAM, Liliana Rendis Buenfil; y la  Delegada el INAPAM, Aracely Escalante Jasso, as\u00ed como presidentas de los Sistemas DIF Municipales y estudiantes de diversos planteles educativos.<\/p>\n<p>En su momento, Rodr\u00edguez Cabrera, Leal G\u00f3mez y Rodr\u00edguez Valle coincidieron en que llegar a la edad adulta mayor en esos tiempos es un reto, que es necesario concientizar a la sociedad para valorar su experiencia y a las instituciones para fomentar los programas de asistencia social que les procuren bienestar y salud.<\/p>\n","protected":false},"excerpt":{"rendered":"<p>Premio a la Atenci\u00f3n del Adulto Mayor,  al M\u00e9rito Institucional a la Atenci\u00f3n Del Adulto Mayor y M\u00e9rito a la Responsabilidad Social.<\/p>\n","protected":false},"author":1018,"featured_media":0,"comment_status":"open","ping_status":"open","sticky":false,"template":"","format":"standard","meta":{"tdm_status":"","tdm_grid_status":"","footnotes":""},"categories":[27],"tags":[],"_links":{"self":[{"href":"https:\/\/dralvarez.com.mx\/larevista\/wp-json\/wp\/v2\/posts\/62714"}],"collection":[{"href":"https:\/\/dralvarez.com.mx\/larevista\/wp-json\/wp\/v2\/posts"}],"about":[{"href":"https:\/\/dralvarez.com.mx\/larevista\/wp-json\/wp\/v2\/types\/post"}],"author":[{"embeddable":true,"href":"https:\/\/dralvarez.com.mx\/larevista\/wp-json\/wp\/v2\/users\/1018"}],"replies":[{"embeddable":true,"href":"https:\/\/dralvarez.com.mx\/larevista\/wp-json\/wp\/v2\/comments?post=62714"}],"version-history":[{"count":0,"href":"https:\/\/dralvarez.com.mx\/larevista\/wp-json\/wp\/v2\/posts\/62714\/revisions"}],"wp:attachment":[{"href":"https:\/\/dralvarez.com.mx\/larevista\/wp-json\/wp\/v2\/media?parent=62714"}],"wp:term":[{"taxonomy":"category","embeddable":true,"href":"https:\/\/dralvarez.com.mx\/larevista\/wp-json\/wp\/v2\/categories?post=62714"},{"taxonomy":"post_tag","embeddable":true,"href":"https:\/\/dralvarez.com.mx\/larevista\/wp-json\/wp\/v2\/tags?post=62714"}],"curies":[{"name":"wp","href":"https:\/\/api.w.org\/{rel}","templated":true}]}}