{"id":62709,"date":"2018-02-28T00:00:00","date_gmt":"2018-02-28T06:00:00","guid":{"rendered":"https:\/\/dralvarez.com.mx\/larevista\/blog\/dif-estatal-conmemora-el-dia-internacional-del-implante-coclear-22449"},"modified":"2018-02-28T00:00:00","modified_gmt":"2018-02-28T06:00:00","slug":"dif-estatal-conmemora-el-dia-internacional-del-implante-coclear-22449","status":"publish","type":"post","link":"https:\/\/dralvarez.com.mx\/larevista\/compeche\/dif-estatal-conmemora-el-dia-internacional-del-implante-coclear-22449","title":{"rendered":"DIF Estatal conmemora el d\u00eda internacional del implante coclear"},"content":{"rendered":"<p>\u201cHoy queremos celebrar el D\u00eda Internacional del Implante Coclear, que ha cambiado la vida de 13 familias; es la mejor satisfacci\u00f3n que tenemos como DIF Estatal, lo cual ha sido posible por la atenci\u00f3n integral de las instituciones de salud y educaci\u00f3n que se han sumado, en un proceso largo pero lleno de satisfacci\u00f3n\u201d, precis\u00f3 la Presidenta del Patronato del DIF Estatal, Christelle Casta\u00f1\u00f3n de Moreno, al clausurar el panel \u201cEscuchando con el coraz\u00f3n, implante coclear, una oportunidad para Crecer Grande\u201c.<\/p>\n<p>En el marco de D\u00eda Internacional del Implante Coclear, que es oficialmente el  25 de febrero, debido a que en 1957 se realiz\u00f3 en el mundo el primer implante de este tipo, la celebraci\u00f3n se llev\u00f3 a cabo en el sal\u00f3n \u201cLilia Reyes de L\u00f3pez Hern\u00e1ndez\u201d de la Mansi\u00f3n Carvajal, donde Casta\u00f1\u00f3n de Moreno se\u00f1al\u00f3 que estas acciones son encausadas por el Gobernador del Estado, Alejandro Moreno C\u00e1rdenas, y cuenta con el respaldo del Presidente Enrique Pe\u00f1a Nieto, pero sobre todo de su esposa Ang\u00e9lica Rivera de Pe\u00f1a, principal promotora de este programa.<\/p>\n<p>-Por nuestra parte, en Campeche continuaremos trabajando por darle a los campechanos mejores programas, buscando beneficiar a los que menos tienen y m\u00e1s lo necesitan -sostuvo.<\/p>\n<p>El DIF Estatal, a invitaci\u00f3n del Sistema Nacional DIF, participa en la Campa\u00f1a Nacional de Implante Coclear \u201cUn Sonido que Despierta la Vida\u201d en cuatro de las seis etapas, implantando con gran \u00e9xito a 13 ni\u00f1as y ni\u00f1os de seis municipios y pr\u00f3ximamente en Campeche se llevar\u00e1 a cabo el proceso quir\u00fargico, evitando el traslado a otros estados.<\/p>\n<p>El panel estuvo dirigido a maestros de educaci\u00f3n b\u00e1sica, padres de familia de hijos con hipoacusia y estudiantes de rehabilitaci\u00f3n de nivel superior, as\u00ed como a los familiares de ni\u00f1as y ni\u00f1as implantados y por implantar.<\/p>\n<p>Asimismo, la Presidenta de la Patronato acompa\u00f1ada por la Directora General del DIF, Silvia Elena Parrao Arceo; el titular de la Secretar\u00eda de Salud, Rafael Rodr\u00edguez Cabrera; y el titular de la Secretar\u00eda de Educaci\u00f3n (SEDUC), Ricardo Medina Farf\u00e1n, entregaron reconocimientos a los panelistas: la Directora del Centro de Rehabilitaci\u00f3n, Rosario Santoyo Cruz;  la m\u00e9dico audi\u00f3logo, Mar\u00eda Prieto Escobio; la terapista encargada del programa de rehabilitaci\u00f3n auditiva de la campa\u00f1a de implante coclear, Alejandra Estanislada Uco Mendoza; la Especialista en Audici\u00f3n y Lenguaje de la Escuela \u201cPedro Berruecos\u201d, Raquel Jim\u00e9nez Mayo; la encargada del programa de tamiz auditivo en neonatal de Campeche, Carolina Le\u00f3n Pi\u00f1a; y al pediatra otorrinolaring\u00f3logo del programa de implante coclear, David Mois\u00e9s Cu.<\/p>\n<p>Por su parte, Rodr\u00edguez Cabrera hizo un llamado a los padres de familia para que a temprana edad realicen los ex\u00e1menes correspondientes, se pueda iniciar el tratamiento y obtener mejores resultados. <\/p>\n<p>Mientras que Medina Farf\u00e1n precis\u00f3 que en educaci\u00f3n existe el compromiso por la inclusi\u00f3n, por ello, se capacita al personal docente para atender a este universo de alumnado.<\/p>\n<p>Tambi\u00e9n asistieron la Presidenta del Sistema DIF Municipal Campeche, Enna Ortiz de Hern\u00e1ndez; la Directora de Atenci\u00f3n Social y Discapacidad, Magaly Medina Farf\u00e1n; el Director del Patronato de la Beneficencia P\u00fablica Estatal, Orlando Alvarado Rivadeneira, y el Director General del Seguro Popular, Daniel Barreda Puga.<\/p>\n","protected":false},"excerpt":{"rendered":"<p>Con el panel \u201cEscuchando con el coraz\u00f3n, implante coclear, una oportunidad para crecer en grande\u201d.<\/p>\n","protected":false},"author":1018,"featured_media":0,"comment_status":"open","ping_status":"open","sticky":false,"template":"","format":"standard","meta":{"tdm_status":"","tdm_grid_status":"","footnotes":""},"categories":[27],"tags":[],"_links":{"self":[{"href":"https:\/\/dralvarez.com.mx\/larevista\/wp-json\/wp\/v2\/posts\/62709"}],"collection":[{"href":"https:\/\/dralvarez.com.mx\/larevista\/wp-json\/wp\/v2\/posts"}],"about":[{"href":"https:\/\/dralvarez.com.mx\/larevista\/wp-json\/wp\/v2\/types\/post"}],"author":[{"embeddable":true,"href":"https:\/\/dralvarez.com.mx\/larevista\/wp-json\/wp\/v2\/users\/1018"}],"replies":[{"embeddable":true,"href":"https:\/\/dralvarez.com.mx\/larevista\/wp-json\/wp\/v2\/comments?post=62709"}],"version-history":[{"count":0,"href":"https:\/\/dralvarez.com.mx\/larevista\/wp-json\/wp\/v2\/posts\/62709\/revisions"}],"wp:attachment":[{"href":"https:\/\/dralvarez.com.mx\/larevista\/wp-json\/wp\/v2\/media?parent=62709"}],"wp:term":[{"taxonomy":"category","embeddable":true,"href":"https:\/\/dralvarez.com.mx\/larevista\/wp-json\/wp\/v2\/categories?post=62709"},{"taxonomy":"post_tag","embeddable":true,"href":"https:\/\/dralvarez.com.mx\/larevista\/wp-json\/wp\/v2\/tags?post=62709"}],"curies":[{"name":"wp","href":"https:\/\/api.w.org\/{rel}","templated":true}]}}