{"id":62708,"date":"2018-02-28T00:00:00","date_gmt":"2018-02-28T06:00:00","guid":{"rendered":"https:\/\/dralvarez.com.mx\/larevista\/blog\/entra-en-funciones-la-unidad-basica-de-rehabilitacion-bellavista-22448"},"modified":"2018-02-28T00:00:00","modified_gmt":"2018-02-28T06:00:00","slug":"entra-en-funciones-la-unidad-basica-de-rehabilitacion-bellavista-22448","status":"publish","type":"post","link":"https:\/\/dralvarez.com.mx\/larevista\/compeche\/entra-en-funciones-la-unidad-basica-de-rehabilitacion-bellavista-22448","title":{"rendered":"Entra en funciones la unidad b\u00e1sica de rehabilitaci\u00f3n \u201cBellavista\u201d"},"content":{"rendered":"<p>Siempre comprometidos con la salud de las personas vulnerables, el DIF Estatal y Municipal pusieron en marcha la Unidad B\u00e1sica de Rehabilitaci\u00f3n (UBR) \u201cBellavista\u201d, por lo que la Directora General del DIF, Silva Parrao Arceo, en representaci\u00f3n de la Presidenta del Patronato del DIF Estatal, Christelle Casta\u00f1\u00f3n de Moreno, acompa\u00f1ada por la Presidenta del Patronato del Sistema DIF Campeche, Enna Ortiz de Hern\u00e1ndez, recorri\u00f3 las instalaciones, animando a los pacientes a continuar con sus terapias con el objetivo de que recuperen sus salud.<\/p>\n<p>La UBR ofrece sus servicios a los pacientes de la colonia Bellavista y aleda\u00f1as, como el tratamiento para el dolor de espalda, dolor de articulaciones, lesiones musculares, par\u00e1lisis facial, estimulaci\u00f3n temprana, esguinces y artritis, mediante diferentes terapias de lunes de viernes de 08:30 a 20:30 horas; asimismo, pone a la disposici\u00f3n de la ciudadan\u00eda el servicio de medicina general y psicol\u00f3gica, \u00fanicamente los viernes de 08:00 a 16:00 horas.<\/p>\n<p>Cabe mencionar, que la UBR ofrece terapias a pacientes con discapacidad permanente o temporal, brindando servicios con costos accesibles para la poblaci\u00f3n.<\/p>\n<p>Los pacientes agradecieron la visita de las autoridades y se comprometieron a continuar con su etapa de rehabilitaci\u00f3n, porque de ello depender\u00e1 su proceso de mejorar la calidad de vida.<\/p>\n<p>Tambi\u00e9n realizaron el recorrido la Directora del Sistema DIF Campeche, Olivia Rico Madrigal; el Coordinador del Centro de Rehabilitaci\u00f3n y Educaci\u00f3n Especial (CREE), F\u00e9lix Flores Justiniano; y el Subdirector Administrativo del DIF Municipal, Emmanuel Higashi Varela.<\/p>\n","protected":false},"excerpt":{"rendered":"<p>Siempre comprometidos con la salud de las personas vulnerables.<\/p>\n","protected":false},"author":1018,"featured_media":0,"comment_status":"open","ping_status":"open","sticky":false,"template":"","format":"standard","meta":{"tdm_status":"","tdm_grid_status":"","footnotes":""},"categories":[27],"tags":[],"_links":{"self":[{"href":"https:\/\/dralvarez.com.mx\/larevista\/wp-json\/wp\/v2\/posts\/62708"}],"collection":[{"href":"https:\/\/dralvarez.com.mx\/larevista\/wp-json\/wp\/v2\/posts"}],"about":[{"href":"https:\/\/dralvarez.com.mx\/larevista\/wp-json\/wp\/v2\/types\/post"}],"author":[{"embeddable":true,"href":"https:\/\/dralvarez.com.mx\/larevista\/wp-json\/wp\/v2\/users\/1018"}],"replies":[{"embeddable":true,"href":"https:\/\/dralvarez.com.mx\/larevista\/wp-json\/wp\/v2\/comments?post=62708"}],"version-history":[{"count":0,"href":"https:\/\/dralvarez.com.mx\/larevista\/wp-json\/wp\/v2\/posts\/62708\/revisions"}],"wp:attachment":[{"href":"https:\/\/dralvarez.com.mx\/larevista\/wp-json\/wp\/v2\/media?parent=62708"}],"wp:term":[{"taxonomy":"category","embeddable":true,"href":"https:\/\/dralvarez.com.mx\/larevista\/wp-json\/wp\/v2\/categories?post=62708"},{"taxonomy":"post_tag","embeddable":true,"href":"https:\/\/dralvarez.com.mx\/larevista\/wp-json\/wp\/v2\/tags?post=62708"}],"curies":[{"name":"wp","href":"https:\/\/api.w.org\/{rel}","templated":true}]}}