{"id":62707,"date":"2018-02-28T00:00:00","date_gmt":"2018-02-28T06:00:00","guid":{"rendered":"https:\/\/dralvarez.com.mx\/larevista\/blog\/gobernador-amc-gestiona-los-recursos-para-un-mayor-crecimiento-economico-22447"},"modified":"2018-02-28T00:00:00","modified_gmt":"2018-02-28T06:00:00","slug":"gobernador-amc-gestiona-los-recursos-para-un-mayor-crecimiento-economico-22447","status":"publish","type":"post","link":"https:\/\/dralvarez.com.mx\/larevista\/compeche\/gobernador-amc-gestiona-los-recursos-para-un-mayor-crecimiento-economico-22447","title":{"rendered":"Gobernador AMC gestiona los recursos para un mayor crecimiento econ\u00f3mico"},"content":{"rendered":"<p>Durante la Primera Sesi\u00f3n Ordinaria del Comit\u00e9 de Planeaci\u00f3n para el Desarrollo del Municipio (Coplademun), en el Ayuntamiento de Tenabo, el subsecretario de Desarrollo Municipal de la Secretar\u00eda de Planeaci\u00f3n (Seplan), Jorge Cervera Zetina, afirm\u00f3 en presencia de Jos\u00e9 Francisco L\u00f3pez Ku, Presidente Municipal, que el Gobernador Alejandro Moreno C\u00e1rdenas gestiona los recursos necesarios para que en este municipio se refleje un mayor crecimiento econ\u00f3mico, hacer frente a la pobreza extrema y reducir el rezago social de los ciudadanos tenabe\u00f1os. Asimismo, inform\u00f3 que entre el 2016 y 2017 se han ejercido poco m\u00e1s de 99 millones de pesos y en el 2018 se contempla ejercer un monto inicial de 33 millones 578 mil 488 pesos.<\/p>\n<p><\/p>\n","protected":false},"excerpt":{"rendered":"<p>Busca hacer frente a la pobreza extrema y reducir el rezago social de los ciudadanos tenabe\u00f1os.<\/p>\n","protected":false},"author":1018,"featured_media":0,"comment_status":"open","ping_status":"open","sticky":false,"template":"","format":"standard","meta":{"tdm_status":"","tdm_grid_status":"","footnotes":""},"categories":[27],"tags":[],"_links":{"self":[{"href":"https:\/\/dralvarez.com.mx\/larevista\/wp-json\/wp\/v2\/posts\/62707"}],"collection":[{"href":"https:\/\/dralvarez.com.mx\/larevista\/wp-json\/wp\/v2\/posts"}],"about":[{"href":"https:\/\/dralvarez.com.mx\/larevista\/wp-json\/wp\/v2\/types\/post"}],"author":[{"embeddable":true,"href":"https:\/\/dralvarez.com.mx\/larevista\/wp-json\/wp\/v2\/users\/1018"}],"replies":[{"embeddable":true,"href":"https:\/\/dralvarez.com.mx\/larevista\/wp-json\/wp\/v2\/comments?post=62707"}],"version-history":[{"count":0,"href":"https:\/\/dralvarez.com.mx\/larevista\/wp-json\/wp\/v2\/posts\/62707\/revisions"}],"wp:attachment":[{"href":"https:\/\/dralvarez.com.mx\/larevista\/wp-json\/wp\/v2\/media?parent=62707"}],"wp:term":[{"taxonomy":"category","embeddable":true,"href":"https:\/\/dralvarez.com.mx\/larevista\/wp-json\/wp\/v2\/categories?post=62707"},{"taxonomy":"post_tag","embeddable":true,"href":"https:\/\/dralvarez.com.mx\/larevista\/wp-json\/wp\/v2\/tags?post=62707"}],"curies":[{"name":"wp","href":"https:\/\/api.w.org\/{rel}","templated":true}]}}