{"id":62706,"date":"2018-02-28T00:00:00","date_gmt":"2018-02-28T06:00:00","guid":{"rendered":"https:\/\/dralvarez.com.mx\/larevista\/blog\/imparten-curso-de-educacion-vial-a-personas-con-discapacidad-22446"},"modified":"2018-02-28T00:00:00","modified_gmt":"2018-02-28T06:00:00","slug":"imparten-curso-de-educacion-vial-a-personas-con-discapacidad-22446","status":"publish","type":"post","link":"https:\/\/dralvarez.com.mx\/larevista\/compeche\/imparten-curso-de-educacion-vial-a-personas-con-discapacidad-22446","title":{"rendered":"Imparten curso de educaci\u00f3n vial a personas con discapacidad"},"content":{"rendered":"<\/p>\n<p>La Secretar\u00eda de Seguridad P\u00fablica del Gobierno del Estado de Campeche (SSPCAM), en coordinaci\u00f3n con el Sistema Estatal para el Desarrollo Integral de la Familia (DIF), imparti\u00f3 el curso intensivo de Educaci\u00f3n Vial a 19 personas con discapacidad, con el objetivo de concientizarlas sobre el uso adecuado de motocicletas adaptadas, as\u00ed como los conocimientos b\u00e1sicos necesarios para la conducci\u00f3n de los veh\u00edculos, exhort\u00e1ndolos a cumplir con las disposiciones y responsabilidades que se marcan en la Ley de Vialidad del Estado de Campeche.<\/p>\n<p>De esta forma, durante el curso conocieron el Reglamento de Vialidad y Tr\u00e1nsito del Estado de Campeche, que en el Cap\u00edtulo III, referente a las personas con discapacidad, pide que adem\u00e1s de contar con la licencia de conducir vigente, el veh\u00edculo porte en un lugar visible el distintivo de discapacidad; que utilicen los espacios destinados para estacionarse, y que eviten conducir en estado de ebriedad; asimismo, recibieron instrucci\u00f3n del respeto a los se\u00f1alamientos de tr\u00e1nsito, cruces peatonales, topes, ocupar los cajones para personas con discapacidad, no estacionarse en franja amarilla, doble fila, etc. Finalmente, los participantes realizaron la prueba de manejo, que les permitir\u00e1 completar el curso y recibir la constancia para realizar el tr\u00e1mite para la obtenci\u00f3n de la respectiva licencia.<\/p>\n<p><\/p>\n","protected":false},"excerpt":{"rendered":"<p>Impartieron el curso intensivo de Educaci\u00f3n Vial a 19 personas con discapacidad.<\/p>\n","protected":false},"author":1018,"featured_media":0,"comment_status":"open","ping_status":"open","sticky":false,"template":"","format":"standard","meta":{"tdm_status":"","tdm_grid_status":"","footnotes":""},"categories":[27],"tags":[],"_links":{"self":[{"href":"https:\/\/dralvarez.com.mx\/larevista\/wp-json\/wp\/v2\/posts\/62706"}],"collection":[{"href":"https:\/\/dralvarez.com.mx\/larevista\/wp-json\/wp\/v2\/posts"}],"about":[{"href":"https:\/\/dralvarez.com.mx\/larevista\/wp-json\/wp\/v2\/types\/post"}],"author":[{"embeddable":true,"href":"https:\/\/dralvarez.com.mx\/larevista\/wp-json\/wp\/v2\/users\/1018"}],"replies":[{"embeddable":true,"href":"https:\/\/dralvarez.com.mx\/larevista\/wp-json\/wp\/v2\/comments?post=62706"}],"version-history":[{"count":0,"href":"https:\/\/dralvarez.com.mx\/larevista\/wp-json\/wp\/v2\/posts\/62706\/revisions"}],"wp:attachment":[{"href":"https:\/\/dralvarez.com.mx\/larevista\/wp-json\/wp\/v2\/media?parent=62706"}],"wp:term":[{"taxonomy":"category","embeddable":true,"href":"https:\/\/dralvarez.com.mx\/larevista\/wp-json\/wp\/v2\/categories?post=62706"},{"taxonomy":"post_tag","embeddable":true,"href":"https:\/\/dralvarez.com.mx\/larevista\/wp-json\/wp\/v2\/tags?post=62706"}],"curies":[{"name":"wp","href":"https:\/\/api.w.org\/{rel}","templated":true}]}}