{"id":62700,"date":"2018-02-28T00:00:00","date_gmt":"2018-02-28T06:00:00","guid":{"rendered":"https:\/\/dralvarez.com.mx\/larevista\/blog\/proveer-de-herramientas-a-nuestros-empresarios-22440"},"modified":"2018-02-28T00:00:00","modified_gmt":"2018-02-28T06:00:00","slug":"proveer-de-herramientas-a-nuestros-empresarios-22440","status":"publish","type":"post","link":"https:\/\/dralvarez.com.mx\/larevista\/compeche\/proveer-de-herramientas-a-nuestros-empresarios-22440","title":{"rendered":"Proveer de herramientas a nuestros empresarios"},"content":{"rendered":"<p>Proveer de herramientas a nuestros empresarios para que incrementen su potencial logrando una mayor competitividad y productividad es prioridad de la Secretar\u00eda de Desarrollo Econ\u00f3mico (SEDECO), sostuvo el titular de esta dependencia, Jos\u00e9 Domingo Berzunza Esp\u00ednola, al encabezar la inauguraci\u00f3n del foro \u201cProductividad y Competitividad de las Micros, Peque\u00f1as y Medianas Empresas Campechanas\u201d, impartido por el Economista en Jefe del Banco Mundial para M\u00e9xico, Leonardo Iacovone.<\/p>\n","protected":false},"excerpt":{"rendered":"<p>Para que incrementen su potencial logrando una mayor competitividad y productividad.<\/p>\n","protected":false},"author":1018,"featured_media":0,"comment_status":"open","ping_status":"open","sticky":false,"template":"","format":"standard","meta":{"tdm_status":"","tdm_grid_status":"","footnotes":""},"categories":[27],"tags":[],"_links":{"self":[{"href":"https:\/\/dralvarez.com.mx\/larevista\/wp-json\/wp\/v2\/posts\/62700"}],"collection":[{"href":"https:\/\/dralvarez.com.mx\/larevista\/wp-json\/wp\/v2\/posts"}],"about":[{"href":"https:\/\/dralvarez.com.mx\/larevista\/wp-json\/wp\/v2\/types\/post"}],"author":[{"embeddable":true,"href":"https:\/\/dralvarez.com.mx\/larevista\/wp-json\/wp\/v2\/users\/1018"}],"replies":[{"embeddable":true,"href":"https:\/\/dralvarez.com.mx\/larevista\/wp-json\/wp\/v2\/comments?post=62700"}],"version-history":[{"count":0,"href":"https:\/\/dralvarez.com.mx\/larevista\/wp-json\/wp\/v2\/posts\/62700\/revisions"}],"wp:attachment":[{"href":"https:\/\/dralvarez.com.mx\/larevista\/wp-json\/wp\/v2\/media?parent=62700"}],"wp:term":[{"taxonomy":"category","embeddable":true,"href":"https:\/\/dralvarez.com.mx\/larevista\/wp-json\/wp\/v2\/categories?post=62700"},{"taxonomy":"post_tag","embeddable":true,"href":"https:\/\/dralvarez.com.mx\/larevista\/wp-json\/wp\/v2\/tags?post=62700"}],"curies":[{"name":"wp","href":"https:\/\/api.w.org\/{rel}","templated":true}]}}