{"id":62698,"date":"2018-02-28T00:00:00","date_gmt":"2018-02-28T06:00:00","guid":{"rendered":"https:\/\/dralvarez.com.mx\/larevista\/blog\/educacion-integral-brinda-herramientas-y-estrategias-para-el-desarrollo-y-formacion-de-ninos-ninas-y-jovenes-medina-farfan-22438"},"modified":"2018-02-28T00:00:00","modified_gmt":"2018-02-28T06:00:00","slug":"educacion-integral-brinda-herramientas-y-estrategias-para-el-desarrollo-y-formacion-de-ninos-ninas-y-jovenes-medina-farfan-22438","status":"publish","type":"post","link":"https:\/\/dralvarez.com.mx\/larevista\/compeche\/educacion-integral-brinda-herramientas-y-estrategias-para-el-desarrollo-y-formacion-de-ninos-ninas-y-jovenes-medina-farfan-22438","title":{"rendered":"Educaci\u00f3n integral brinda herramientas y estrategias para el desarrollo y formaci\u00f3n de ni\u00f1os, ni\u00f1as y j\u00f3venes: Medina Farf\u00e1n"},"content":{"rendered":"<p><b><i><\/i><\/b><\/p>\n<blockquote><p><b><i>Titular de la SEDUC encabeza conferencia &#8220;C\u00f3mo prevenir conductas de riesgo en los hijos&#8221;. <\/i><\/b><\/p><\/blockquote>\n<p>\u201cUna educaci\u00f3n integral es aquella que a los ni\u00f1os, ni\u00f1as y j\u00f3venes, no s\u00f3lo les ofrece un desarrollo cognitivo, sino que adem\u00e1s les permite su desarrollo emocional, su bienestar, y desde la Secretar\u00eda de Educaci\u00f3n lo tenemos claro, por lo que estamos centrando todos nuestros esfuerzos, de la mano con instituciones educativas, instituciones p\u00fablicas, as\u00ed como padres de familia, para establecer acciones y estrategias para permitir el desarrollo pleno y de valores de nuestros alumnos\u201d, afirm\u00f3 el titular de la Secretar\u00eda de Educaci\u00f3n (SEDUC), Ricardo Medina Farf\u00e1n, al encabezar la conferencia &#8220;C\u00f3mo prevenir conductas de riesgo en los hijos&#8221;, realizada en la ciudad capital y en la que participaron 160 madres y padres de familia de alumnos de educaci\u00f3n media superior.<\/p>\n<p>En el auditorio de la Escuela Preparatoria \u201cDr. Nazario V\u00edctor Montejo Godoy\u201d, acompa\u00f1ado del pedagogo especialista, Vidal Schmill, el titular de la SEDUC destac\u00f3 que estas acciones tienen como objetivo fortalecer la labor educativa desde el hogar, brindar las herramientas y estrategias a los padres para que participen en el desarrollo y formaci\u00f3n de sus hijos.<\/p>\n<p>\u201cEstamos convencidos que el camino para formar mejores ciudadanos es estableciendo un trabajo bien consolidado entre instituciones educativas, instituciones p\u00fablicas, y los padres de familia; al final en una sinergia de trabajo participativa en la que todos coadyuvaremos a contar con personas plenas, que pueda trazar un plan de vida, y que puedan ser felices; por ello, cada quien desde su \u00e1mbito, tiene la responsabilidad de hacer lo correcto, y nosotros como dependencia, estamos comprometidos en brindarles los recursos necesarios, a trav\u00e9s de programas como este, para que se desarrollen de la mejor manera posible, educativa y personalmente\u201d, acot\u00f3.<\/p>\n<p>Medina Farf\u00e1n destac\u00f3 que \u201cCreciendo en Familia\u201d arranc\u00f3 su gira el pasado 22 de febrero en el municipio de Carmen y recorrer\u00e1 tambi\u00e9n los municipios de Champot\u00f3n, Calkin\u00ed y Hecelchak\u00e1n, tratando de buscar el acercamiento con padres y madres para fortalecer su tarea en el hogar.<\/p>\n<p>Precis\u00f3 que en estas acciones se ha convocado a los padres de familia de todas las localidades proyectadas a visitar para que asistan, ya que son eventos gratuitos, y de esa forma puedan capacitarse en como guiar a sus hijos para tener un desarrollo m\u00e1s exitoso. <\/p>\n<p>En el caso espec\u00edfico del municipio de Campeche anunci\u00f3 que la siguiente conferencia se realizar\u00e1 el pr\u00f3ximo 01 de marzo, en el Centro de Convenciones \u201cCampeche XXI\u201d, a las 17:30 horas, en colaboraci\u00f3n con el Sistema Estatal para el Desarrollo Integral de la Familia (DIF).<\/p>\n","protected":false},"excerpt":{"rendered":"<p>Titular de la SEDUC encabeza conferencia &#8220;C\u00f3mo prevenir conductas de riesgo en los hijos&#8221;.<\/p>\n","protected":false},"author":1018,"featured_media":0,"comment_status":"open","ping_status":"open","sticky":false,"template":"","format":"standard","meta":{"tdm_status":"","tdm_grid_status":"","footnotes":""},"categories":[27],"tags":[],"_links":{"self":[{"href":"https:\/\/dralvarez.com.mx\/larevista\/wp-json\/wp\/v2\/posts\/62698"}],"collection":[{"href":"https:\/\/dralvarez.com.mx\/larevista\/wp-json\/wp\/v2\/posts"}],"about":[{"href":"https:\/\/dralvarez.com.mx\/larevista\/wp-json\/wp\/v2\/types\/post"}],"author":[{"embeddable":true,"href":"https:\/\/dralvarez.com.mx\/larevista\/wp-json\/wp\/v2\/users\/1018"}],"replies":[{"embeddable":true,"href":"https:\/\/dralvarez.com.mx\/larevista\/wp-json\/wp\/v2\/comments?post=62698"}],"version-history":[{"count":0,"href":"https:\/\/dralvarez.com.mx\/larevista\/wp-json\/wp\/v2\/posts\/62698\/revisions"}],"wp:attachment":[{"href":"https:\/\/dralvarez.com.mx\/larevista\/wp-json\/wp\/v2\/media?parent=62698"}],"wp:term":[{"taxonomy":"category","embeddable":true,"href":"https:\/\/dralvarez.com.mx\/larevista\/wp-json\/wp\/v2\/categories?post=62698"},{"taxonomy":"post_tag","embeddable":true,"href":"https:\/\/dralvarez.com.mx\/larevista\/wp-json\/wp\/v2\/tags?post=62698"}],"curies":[{"name":"wp","href":"https:\/\/api.w.org\/{rel}","templated":true}]}}