{"id":62662,"date":"2018-02-26T00:00:00","date_gmt":"2018-02-26T06:00:00","guid":{"rendered":"https:\/\/dralvarez.com.mx\/larevista\/blog\/ayuntamiento-continua-con-el-programa-de-bacheo-22400"},"modified":"2018-02-26T00:00:00","modified_gmt":"2018-02-26T06:00:00","slug":"ayuntamiento-continua-con-el-programa-de-bacheo-22400","status":"publish","type":"post","link":"https:\/\/dralvarez.com.mx\/larevista\/compeche\/ayuntamiento-continua-con-el-programa-de-bacheo-22400","title":{"rendered":"Ayuntamiento continua con el Programa de Bacheo"},"content":{"rendered":"<p>El Ayuntamiento de Campeche, a trav\u00e9s de la Unidad de Obras P\u00fablicas y el Departamento de Obras Viales, continu\u00f3 con el Programa de Bacheo al iniciar la semana, atendiendo la calle Vicente Guerrero entre calles Pedro Moreno y Prolongaci\u00f3n Allende de la colonia San Rafael, adem\u00e1s de continuar con reparaciones en calles de las unidades habitacionales H\u00e9roes de Chapultepec (FOVI) y Solidaridad Urbana.<\/p>\n<p><\/p>\n","protected":false},"excerpt":{"rendered":"<p>Atendiendo la calle Vicente Guerrero entre calles Pedro Moreno y Prolongaci\u00f3n Allende de la colonia San Rafael.<\/p>\n","protected":false},"author":1018,"featured_media":0,"comment_status":"open","ping_status":"open","sticky":false,"template":"","format":"standard","meta":{"tdm_status":"","tdm_grid_status":"","footnotes":""},"categories":[27],"tags":[],"_links":{"self":[{"href":"https:\/\/dralvarez.com.mx\/larevista\/wp-json\/wp\/v2\/posts\/62662"}],"collection":[{"href":"https:\/\/dralvarez.com.mx\/larevista\/wp-json\/wp\/v2\/posts"}],"about":[{"href":"https:\/\/dralvarez.com.mx\/larevista\/wp-json\/wp\/v2\/types\/post"}],"author":[{"embeddable":true,"href":"https:\/\/dralvarez.com.mx\/larevista\/wp-json\/wp\/v2\/users\/1018"}],"replies":[{"embeddable":true,"href":"https:\/\/dralvarez.com.mx\/larevista\/wp-json\/wp\/v2\/comments?post=62662"}],"version-history":[{"count":0,"href":"https:\/\/dralvarez.com.mx\/larevista\/wp-json\/wp\/v2\/posts\/62662\/revisions"}],"wp:attachment":[{"href":"https:\/\/dralvarez.com.mx\/larevista\/wp-json\/wp\/v2\/media?parent=62662"}],"wp:term":[{"taxonomy":"category","embeddable":true,"href":"https:\/\/dralvarez.com.mx\/larevista\/wp-json\/wp\/v2\/categories?post=62662"},{"taxonomy":"post_tag","embeddable":true,"href":"https:\/\/dralvarez.com.mx\/larevista\/wp-json\/wp\/v2\/tags?post=62662"}],"curies":[{"name":"wp","href":"https:\/\/api.w.org\/{rel}","templated":true}]}}