{"id":62648,"date":"2018-02-26T00:00:00","date_gmt":"2018-02-26T06:00:00","guid":{"rendered":"https:\/\/dralvarez.com.mx\/larevista\/blog\/imparten-cursos-de-capacitacion-del-proyecto-integral-de-modernizacion-del-bazar-artesanal-22386"},"modified":"2018-02-26T00:00:00","modified_gmt":"2018-02-26T06:00:00","slug":"imparten-cursos-de-capacitacion-del-proyecto-integral-de-modernizacion-del-bazar-artesanal-22386","status":"publish","type":"post","link":"https:\/\/dralvarez.com.mx\/larevista\/compeche\/imparten-cursos-de-capacitacion-del-proyecto-integral-de-modernizacion-del-bazar-artesanal-22386","title":{"rendered":"Imparten cursos de capacitaci\u00f3n del proyecto integral de modernizaci\u00f3n del bazar artesanal"},"content":{"rendered":"<p>Con la impartici\u00f3n de seis cursos intensivos de capacitaci\u00f3n en materia fiscal, ingl\u00e9s, comercializaci\u00f3n, inventarios, identidad y atenci\u00f3n al p\u00fablico, realizados como parte del Proyecto Integral de Modernizaci\u00f3n del Bazar Artesanal Ah-Kim-Pech, los 72 artesanos y trabajadores del centro comercial se preparan para ofrecer productos y servicios de calidad.<\/p>\n<p>El titular de la Secretar\u00eda de Desarrollo Econ\u00f3mico (SEDECO), Jos\u00e9 Berzunza Esp\u00ednola, explic\u00f3 que el proyecto integral se realiza como parte del Programa de Reactivaci\u00f3n de Plazas y Centros Comerciales, e incluye tres fases: la reubicaci\u00f3n temporal de los artesanos al Ex templo de San Jos\u00e9 y su promoci\u00f3n, capacitaci\u00f3n y la reconstrucci\u00f3n del edificio del Bazar. <\/p>\n<p>Precis\u00f3 que de mayo a diciembre de 2017 se impartieron seis cursos de capacitaci\u00f3n. Los temas fueron administraci\u00f3n b\u00e1sica para el control de insumos y mercanc\u00edas, identidad y trabajo colaborativo, formalizaci\u00f3n fiscal de la actividad artesanal, r\u00e9gimen de incorporaci\u00f3n fiscal, English for Craftsmen (curso b\u00e1sico), y manejo de nuevas t\u00e9cnicas de negociaci\u00f3n, canales de distribuci\u00f3n y comercio justo. <\/p>\n<p>-Las acciones se realizaron a trav\u00e9s del Instituto para el Fomento de las Actividades Artesanales de Campeche (INEFAAC) y se incluy\u00f3 a los 37 artesanos, as\u00ed como a las 35 personas que ellos tienen como encargadas de las ventas en sus puestos, pues son quienes dan atenci\u00f3n directa al p\u00fablico -dijo.<\/p>\n<p>El funcionario explic\u00f3 que el edificio que ocupaba el bazar, construido en 2005 ten\u00eda ya un serio deterioro, adem\u00e1s de que se reportaban quejas constantes en la atenci\u00f3n, por lo que se determin\u00f3 realizar un plan integral para reactivar ese centro comercial y dar un mayor auge al sector artesanal de la entidad.<\/p>\n<p>-La instrucci\u00f3n del Gobernador Alejandro Moreno C\u00e1rdenas fue la de reconstruir en su totalidad el bazar y dar a los creadores las herramientas que permitan dignificar la venta de sus productos en una zona comercial tan importante, como lo es Ah-Kim-Pech -subray\u00f3.<\/p>\n","protected":false},"excerpt":{"rendered":"<p>*Preparan a artesanos para ofrecer productos y servicios de calidad.<\/p>\n","protected":false},"author":1018,"featured_media":0,"comment_status":"open","ping_status":"open","sticky":false,"template":"","format":"standard","meta":{"tdm_status":"","tdm_grid_status":"","footnotes":""},"categories":[27],"tags":[],"_links":{"self":[{"href":"https:\/\/dralvarez.com.mx\/larevista\/wp-json\/wp\/v2\/posts\/62648"}],"collection":[{"href":"https:\/\/dralvarez.com.mx\/larevista\/wp-json\/wp\/v2\/posts"}],"about":[{"href":"https:\/\/dralvarez.com.mx\/larevista\/wp-json\/wp\/v2\/types\/post"}],"author":[{"embeddable":true,"href":"https:\/\/dralvarez.com.mx\/larevista\/wp-json\/wp\/v2\/users\/1018"}],"replies":[{"embeddable":true,"href":"https:\/\/dralvarez.com.mx\/larevista\/wp-json\/wp\/v2\/comments?post=62648"}],"version-history":[{"count":0,"href":"https:\/\/dralvarez.com.mx\/larevista\/wp-json\/wp\/v2\/posts\/62648\/revisions"}],"wp:attachment":[{"href":"https:\/\/dralvarez.com.mx\/larevista\/wp-json\/wp\/v2\/media?parent=62648"}],"wp:term":[{"taxonomy":"category","embeddable":true,"href":"https:\/\/dralvarez.com.mx\/larevista\/wp-json\/wp\/v2\/categories?post=62648"},{"taxonomy":"post_tag","embeddable":true,"href":"https:\/\/dralvarez.com.mx\/larevista\/wp-json\/wp\/v2\/tags?post=62648"}],"curies":[{"name":"wp","href":"https:\/\/api.w.org\/{rel}","templated":true}]}}