{"id":62643,"date":"2018-02-26T00:00:00","date_gmt":"2018-02-26T06:00:00","guid":{"rendered":"https:\/\/dralvarez.com.mx\/larevista\/blog\/secont-capacita-a-organos-internos-de-control-de-la-administracion-publica-estatal-22381"},"modified":"2018-02-26T00:00:00","modified_gmt":"2018-02-26T06:00:00","slug":"secont-capacita-a-organos-internos-de-control-de-la-administracion-publica-estatal-22381","status":"publish","type":"post","link":"https:\/\/dralvarez.com.mx\/larevista\/compeche\/secont-capacita-a-organos-internos-de-control-de-la-administracion-publica-estatal-22381","title":{"rendered":"SECONT capacita a \u00f3rganos internos de control de la administraci\u00f3n p\u00fablica estatal"},"content":{"rendered":"<\/p>\n<p>La<br \/>\nIntegraci\u00f3n de los Comit\u00e9 de \u00c9tica y Prevenci\u00f3n de Conflictos de Inter\u00e9s al<br \/>\ninterior de cada una de las dependencias centralizadas y organismos<br \/>\ndescentralizados y desconcentrados, constituye una herramienta valiosa en la<br \/>\nlabor de vigilancia y respeto irrestricto a los principios y valores \u00e9ticos que<br \/>\nrigen el servicio p\u00fablico.<\/p>\n<p>Por<br \/>\ntal motivo, la Secretar\u00eda de la Contralor\u00eda del Gobierno del Estado (SECONT) se<br \/>\nencuentra capacitando a los \u00d3rganos Internos de Control de todas las<br \/>\ndependencias y organismos descentralizados de la Administraci\u00f3n P\u00fablica, a<br \/>\ntrav\u00e9s de la pl\u00e1tica \u201cIntegraci\u00f3n de Comit\u00e9 de \u00c9tica y Prevenci\u00f3n de Conflictos<br \/>\nde Inter\u00e9s\u201d, impartida por Alma Delia Valdez del \u00c1ngel, subdirectora encargada<br \/>\nde la Unidad Especializada en \u00c9tica y Prevenci\u00f3n de Conflictos de Inter\u00e9s.<\/p>\n<p>Lo<br \/>\nanterior, con el objeto de otorgar las herramientas cognitivas a los 45 \u00d3rganos<br \/>\nInternos de Control, personal de apoyo y personal adscrito a la Coordinaci\u00f3n<br \/>\nGeneral de \u00d3rganos Internos de Control, que en total suman 65 miembros<br \/>\nvinculados al control interno de la SECONT, generando un verdadero cambio a<br \/>\npartir de que los servidores p\u00fablicos, de manera individual y en conjunto,<br \/>\nasumen un rol \u00e9tico de disciplina y profesionalismo, logrando brindar un<br \/>\ntrabajo digno, \u00e1gil y cordial al p\u00fablico en general, convencidos de la<br \/>\ntrascendencia que representa la labor del servidor p\u00fablico \u00e9tico ante la<br \/>\nsociedad.<\/p>\n<p>Asimismo,<br \/>\nal ser servidores p\u00fablicos adscritos a la SECONT, fungen como modelos y<br \/>\ncoadyuvantes en la promoci\u00f3n de acciones para fortalecer la transparencia, la<br \/>\nrendici\u00f3n de cuentas, la legalidad y el combate a la corrupci\u00f3n; a su vez,<br \/>\ndeber\u00e1n incidir de manera activa y en calidad de asesores en las sesiones de<br \/>\nlos Comit\u00e9s de \u00c9tica y Prevenci\u00f3n de Conflictos de Inter\u00e9s.<\/p>\n<p>Para<br \/>\nla SECONT, capacitar a los \u00f3rganos internos de control en esta labor, equivale<br \/>\na contar con un aliado en la asesor\u00eda constante para quienes integran estos<br \/>\nComit\u00e9s, pilares indiscutibles en la lucha contra la corrupci\u00f3n.<\/p><\/p>\n","protected":false},"excerpt":{"rendered":"<p>A trav\u00e9s de la pl\u00e1tica \u201cIntegraci\u00f3n de Comit\u00e9 de \u00c9tica y Prevenci\u00f3n de Conflictos de Inter\u00e9s\u201d.<\/p>\n","protected":false},"author":1018,"featured_media":0,"comment_status":"open","ping_status":"open","sticky":false,"template":"","format":"standard","meta":{"tdm_status":"","tdm_grid_status":"","footnotes":""},"categories":[27],"tags":[],"_links":{"self":[{"href":"https:\/\/dralvarez.com.mx\/larevista\/wp-json\/wp\/v2\/posts\/62643"}],"collection":[{"href":"https:\/\/dralvarez.com.mx\/larevista\/wp-json\/wp\/v2\/posts"}],"about":[{"href":"https:\/\/dralvarez.com.mx\/larevista\/wp-json\/wp\/v2\/types\/post"}],"author":[{"embeddable":true,"href":"https:\/\/dralvarez.com.mx\/larevista\/wp-json\/wp\/v2\/users\/1018"}],"replies":[{"embeddable":true,"href":"https:\/\/dralvarez.com.mx\/larevista\/wp-json\/wp\/v2\/comments?post=62643"}],"version-history":[{"count":0,"href":"https:\/\/dralvarez.com.mx\/larevista\/wp-json\/wp\/v2\/posts\/62643\/revisions"}],"wp:attachment":[{"href":"https:\/\/dralvarez.com.mx\/larevista\/wp-json\/wp\/v2\/media?parent=62643"}],"wp:term":[{"taxonomy":"category","embeddable":true,"href":"https:\/\/dralvarez.com.mx\/larevista\/wp-json\/wp\/v2\/categories?post=62643"},{"taxonomy":"post_tag","embeddable":true,"href":"https:\/\/dralvarez.com.mx\/larevista\/wp-json\/wp\/v2\/tags?post=62643"}],"curies":[{"name":"wp","href":"https:\/\/api.w.org\/{rel}","templated":true}]}}