{"id":62598,"date":"2018-02-23T00:00:00","date_gmt":"2018-02-23T06:00:00","guid":{"rendered":"https:\/\/dralvarez.com.mx\/larevista\/blog\/el-gobernador-alejandro-moreno-cardenas-inaugura-hyundai-peninsula-22336"},"modified":"2018-02-23T00:00:00","modified_gmt":"2018-02-23T06:00:00","slug":"el-gobernador-alejandro-moreno-cardenas-inaugura-hyundai-peninsula-22336","status":"publish","type":"post","link":"https:\/\/dralvarez.com.mx\/larevista\/compeche\/el-gobernador-alejandro-moreno-cardenas-inaugura-hyundai-peninsula-22336","title":{"rendered":"El Gobernador Alejandro Moreno C\u00e1rdenas inaugura Hyundai Peninsula"},"content":{"rendered":"<p>San Francisco de Campeche, Camp.- \u201cEn Campeche hay certeza y certidumbre para invertir\u201d, asegur\u00f3 el gobernador Alejandro Moreno C\u00e1rdenas en la inauguraci\u00f3n de la sucursal de la prestigiada marca surcoreana de autom\u00f3viles Hyundai, que tuvo una inversi\u00f3n superior a los 45 millones de pesos y genera m\u00e1s de 60 empleos.<\/p>\n<p>Ante el director de Hyundai Peninsula, Enriwue Peniche Pasos, el mandatario estatal se\u00f1al\u00f3 que su gobierno respalda la llegada de nuevas inversiones porque los empleos que se crean apoyan a la sociedad y contribuyen a mantener el ambiente de paz y tranquilidad.<\/p>\n<p>Puntualiz\u00f3 que Campeche es un lugar donde vale la pena invertir porque tiene el \u00edndice delictivo m\u00e1s bajo del pa\u00eds, y eso genera certeza y certidumbre a los empresarios.<\/p>\n<p>Moreno C\u00e1rdenas a\u00f1adi\u00f3 que  la entidad tiene mucho potencial de crecimiento y el compromiso es trabajar en equipo para propiciar la llegada de m\u00e1s fuentes de trabajo y  crear mejores oportunidades a los campechanos.<\/p>\n<p>Al t\u00e9rmino de su discurso, Moreno C\u00e1rdenas, junto con los directivos de la empresa automotriz, cort\u00f3 el list\u00f3n inaugural, devel\u00f3 una placa conmemorativa del evento y realiz\u00f3 un recorrido por las instalaciones de la agencia ubicada en la avenida Maestros Campechanos n\u00famero 528.<\/p>\n<p>Antes, el director General de Hyundai Mexico, Michel Kaim, resalt\u00f3 que la marca es la quinta m\u00e1s importante a nivel mundial y que desde hace 15 a\u00f1os la empresa tiene una inversi\u00f3n enorme en  una planta en Tijuana donde se producen motores y camiones, y recientemente abri\u00f3 una f\u00e1brica de autos en Monterrey.<\/p>\n<p>Por su parte, el  director de Grupo CDA Automotriz, Enrique Peniche Pasos, detall\u00f3 que Hyundai se ha posicionado como el l\u00edder del mercado mexicano y en tan s\u00f3lo tres a\u00f1os y medio ha logrado un crecimiento constante, posicion\u00e1ndose al cierre de 2017 en el lugar n\u00famero 10 en ventas a nivel nacional.<\/p>\n<p>Tambi\u00e9n estuvieron presentes, el alcalde de Campeche, Edgar Hern\u00e1ndez Hern\u00e1ndez, y el presidente del Consejo de Administraci\u00f3n de la compa\u00f1\u00eda automotriz, Ra\u00fal Peniche P\u00e9rez.<\/p>\n","protected":false},"excerpt":{"rendered":"<p>El director de Grupo CDA Automotriz, Enrique Peniche Pasos, detall\u00f3 que Hyundai se ha posicionado como el l\u00edder del mercado mexicano y en tan s\u00f3lo tre<\/p>\n","protected":false},"author":1018,"featured_media":0,"comment_status":"open","ping_status":"open","sticky":false,"template":"","format":"standard","meta":{"tdm_status":"","tdm_grid_status":"","footnotes":""},"categories":[27],"tags":[],"_links":{"self":[{"href":"https:\/\/dralvarez.com.mx\/larevista\/wp-json\/wp\/v2\/posts\/62598"}],"collection":[{"href":"https:\/\/dralvarez.com.mx\/larevista\/wp-json\/wp\/v2\/posts"}],"about":[{"href":"https:\/\/dralvarez.com.mx\/larevista\/wp-json\/wp\/v2\/types\/post"}],"author":[{"embeddable":true,"href":"https:\/\/dralvarez.com.mx\/larevista\/wp-json\/wp\/v2\/users\/1018"}],"replies":[{"embeddable":true,"href":"https:\/\/dralvarez.com.mx\/larevista\/wp-json\/wp\/v2\/comments?post=62598"}],"version-history":[{"count":0,"href":"https:\/\/dralvarez.com.mx\/larevista\/wp-json\/wp\/v2\/posts\/62598\/revisions"}],"wp:attachment":[{"href":"https:\/\/dralvarez.com.mx\/larevista\/wp-json\/wp\/v2\/media?parent=62598"}],"wp:term":[{"taxonomy":"category","embeddable":true,"href":"https:\/\/dralvarez.com.mx\/larevista\/wp-json\/wp\/v2\/categories?post=62598"},{"taxonomy":"post_tag","embeddable":true,"href":"https:\/\/dralvarez.com.mx\/larevista\/wp-json\/wp\/v2\/tags?post=62598"}],"curies":[{"name":"wp","href":"https:\/\/api.w.org\/{rel}","templated":true}]}}