{"id":62593,"date":"2018-02-23T00:00:00","date_gmt":"2018-02-23T06:00:00","guid":{"rendered":"https:\/\/dralvarez.com.mx\/larevista\/blog\/moreno-cardenas-convoca-a-empresarios-a-seguir-apostando-al-desarrollo-de-mexico-22331"},"modified":"2018-02-23T00:00:00","modified_gmt":"2018-02-23T06:00:00","slug":"moreno-cardenas-convoca-a-empresarios-a-seguir-apostando-al-desarrollo-de-mexico-22331","status":"publish","type":"post","link":"https:\/\/dralvarez.com.mx\/larevista\/compeche\/moreno-cardenas-convoca-a-empresarios-a-seguir-apostando-al-desarrollo-de-mexico-22331","title":{"rendered":"Moreno C\u00e1rdenas convoca a empresarios a seguir apostando al desarrollo de M\u00e9xico"},"content":{"rendered":"<p>Al sostener que Campeche es una entidad segura, de paz y armon\u00eda que garantiza el \u00e9xito de las inversiones, el gobernador Alejandro Moreno C\u00e1rdenas convoc\u00f3 al sector empresarial de todo el pa\u00eds a seguir apostando por el desarrollo de M\u00e9xico.<\/p>\n<p>Momentos antes de inaugurar el quinto evento de celebraci\u00f3n del Centenario de la Confederaci\u00f3n de C\u00e1maras Nacionales de Comercio y Servicios Tur\u00edsticos (Concanaco-Servytur), en presencia del secretario de Energ\u00eda, Pedro Joaqu\u00edn Coldwell y m\u00e1s de 200 presidentes de c\u00e1maras de comercio del pa\u00eds, Moreno C\u00e1rdenas puntualiz\u00f3 que los empresarios son parte fundamental de la construcci\u00f3n del proyecto claro y contundente que necesita M\u00e9xico para seguir creciendo.<br \/>\u201cLos convoco a que trabajemos juntos y en equipo, a que pensemos primero en nuestro pa\u00eds. Hoy tenemos certeza, certidumbre y claridad en el desarrollo econ\u00f3mico, estabilidad social y pol\u00edtica, y tenemos que cuidarla\u201d, asever\u00f3 el mandatario.<br \/>Dijo que Campeche actualmente es un estado pujante que est\u00e1 consolidando su desarrollo econ\u00f3mico, pues tras la crisis petrolera su gobierno se estableci\u00f3 como meta fortalecer nuevas vocaciones productivas como el turismo y la agroindustria.<br \/>Agreg\u00f3 que tambi\u00e9n se comprometi\u00f3 a realizar m\u00e1s infraestructura, obra p\u00fablica y hacer de Campeche la entidad m\u00e1s segura del pa\u00eds, como actualmente lo avalan los estudios del Sistema Nacional de Seguridad P\u00fablica y organismos ciudadanos encargados de las mediciones, ya que son condiciones indispensables para atraer inversiones.<br \/>Indic\u00f3 que con el respaldo del presidente Enrique Pe\u00f1a Nieto, en el mes de marzo, Campeche ser\u00e1 declarada Zona Econ\u00f3mica Especial (ZEE) y contar\u00e1 no con uno, sino con dos pol\u00edgonos que se localizar\u00e1n en Seybaplaya y Carmen, lo que permitir\u00e1 otorgar est\u00edmulos fiscales importantes y recibir m\u00e1s inversi\u00f3n privada.<br \/>Subray\u00f3 que tambi\u00e9n en el siguiente mes, por primera vez en su historia, el estado recibir\u00e1 la primera temporada de la ruta de cruceros The Gran Mayan Experience, con lo que se fortalecer\u00e1 el potencial que tiene en sus riquezas naturales, culturales e hist\u00f3ricas como Calakmul, la Ciudad Amurallada, Los Petenes y zonas arqueol\u00f3gicas.<br \/>\u201cAqu\u00ed vemos como s\u00ed se pueden las cosas, aqu\u00ed jam\u00e1s van a escuchar decir que no se puede, por eso trabajamos juntos para que aqu\u00ed haya mejores oportunidades\u201d, mencion\u00f3.<br \/>Sostuvo que su gobierno trabaja en equipo con los empresarios para facilitar la llegada de m\u00e1s negocios, pues son ellos los que contribuyen a generar un ambiente de armon\u00eda social, al abrir m\u00e1s oportunidades de empleo.<br \/>Por su parte, el vicepresidente nacional de la Concanaco-Servytur, Ricardo Navarro Benites, en representaci\u00f3n de Enrique Solana Sent\u00edes, presidente del organismo, manifest\u00f3 que Campeche es una entidad con marcada vocaci\u00f3n tur\u00edstica que ha generado para el pa\u00eds una importante riqueza que es digna de destacar.<br \/>Agreg\u00f3 que la Sonda de Campeche durante mucho tiempo fue una de las mayores zonas de producci\u00f3n de petr\u00f3leo, adem\u00e1s de que es una entidad que se reinventa as\u00ed misma debido a los cambios surgidos en el mercado de los hidrocarburos.<br \/>Antes, el presidente de la Canaco en Campeche, Jean Du Bar del Rio, resalt\u00f3 que las zonas econ\u00f3micas especiales son el centro de un proyecto a gran escala que impactar\u00e1 el desarrollo de empresas locales fuertes.<br \/>\u201cHoy, nuevos vientos impulsan las velas del desarrollo, Campeche lo tiene todo, vemos con gran optimismo y entusiasmo los proyectos petroleros y de manufactura, y estamos listos para sumarnos\u201d, finaliz\u00f3.<br \/>Luego de la inauguraci\u00f3n del evento, el secretario de Energ\u00eda, Pedro Joaqu\u00edn Coldwell, imparti\u00f3 la conferencia magistral \u201cAvances de la Reforma Energ\u00e9tica\u201d, donde destac\u00f3 que las inversiones totales comprometidas van a rebasar los 200 mil millones de d\u00f3lares al cierre de este a\u00f1o y que hasta la fecha, con los proyectos ya en marcha en exploraci\u00f3n y extracci\u00f3n de hidrocarburos, gasoductos o centrales el\u00e9ctricas, hay ya comprometidos 175 mil millones de d\u00f3lares en inversi\u00f3n.<br \/>El funcionario agreg\u00f3 que la cifra podr\u00eda crecer en al menos 25 mil millones de d\u00f3lares m\u00e1s cuando se celebren dos nuevos concursos, la Ronda 3.1, en aguas someras, y la 3.2, en \u00e1reas terrestres.<br \/>Al t\u00e9rmino de su conferencia, el secretario de Energ\u00eda recibi\u00f3 un reconocimiento por su participaci\u00f3n en el quinto evento del Centenario de la Concanaco Servytur, de manos del vicepresidente nacional del organismo.<\/p>\n<p>Garantizan cobertura al 100% de electrificaci\u00f3n<\/p>\n<p>Por otra parte, el compromiso del gobernador Alejandro Moreno C\u00e1rdenas de alcanzar la cobertura total del estado en materia de electrificaci\u00f3n lograr\u00e1 este a\u00f1o el cumplimiento del 99 por ciento, al invertirse entre 2016 y 2018, m\u00e1s de 180 millones de pesos para dotar de fluido el\u00e9ctrico a cerca de siete mil familias de 238 localidades, por lo que antes de que termine la gesti\u00f3n estatal la meta se habr\u00e1 conseguido.<br \/>As\u00ed qued\u00f3 de manifiesto durante la presentaci\u00f3n del Fondo de Servicio Universal El\u00e9ctrico (FSUE), donde el secretario de Energ\u00eda, Pedro Joaqu\u00edn Coldwell, precis\u00f3 que tan s\u00f3lo este a\u00f1o se invertir\u00e1n 91 millones de pesos para llevar electricidad a m\u00e1s de nueve mil 635 personas que habitan en dos mil 294 viviendas de 112 localidades.<br \/>Acompa\u00f1ado del mandatario estatal, el funcionario federal se\u00f1al\u00f3 que entre el 2016 y 2017, se destinaron 89 millones de pesos, para dotar de electrificaci\u00f3n a cuatro mil 285 viviendas de 126 localidades. <br \/>Dijo que por instrucciones del presidente Enrique Pe\u00f1a Nieto, adem\u00e1s de lo proyectado se atender\u00e1n otras necesidades que se tengan. \u201cSi adem\u00e1s de estos proyectos que ya estamos hablando hay m\u00e1s necesidades que est\u00e9n en estos casos, hay atenci\u00f3n total para Campeche, no queremos que ning\u00fan campechano se quede sin acceso a la electricidad\u201d.<\/p>\n","protected":false},"excerpt":{"rendered":"<p>Moreno C\u00e1rdenas convoca a empresarios a seguir apostando al desarrollo de M\u00e9xico<\/p>\n","protected":false},"author":1018,"featured_media":0,"comment_status":"open","ping_status":"open","sticky":false,"template":"","format":"standard","meta":{"tdm_status":"","tdm_grid_status":"","footnotes":""},"categories":[27],"tags":[],"_links":{"self":[{"href":"https:\/\/dralvarez.com.mx\/larevista\/wp-json\/wp\/v2\/posts\/62593"}],"collection":[{"href":"https:\/\/dralvarez.com.mx\/larevista\/wp-json\/wp\/v2\/posts"}],"about":[{"href":"https:\/\/dralvarez.com.mx\/larevista\/wp-json\/wp\/v2\/types\/post"}],"author":[{"embeddable":true,"href":"https:\/\/dralvarez.com.mx\/larevista\/wp-json\/wp\/v2\/users\/1018"}],"replies":[{"embeddable":true,"href":"https:\/\/dralvarez.com.mx\/larevista\/wp-json\/wp\/v2\/comments?post=62593"}],"version-history":[{"count":0,"href":"https:\/\/dralvarez.com.mx\/larevista\/wp-json\/wp\/v2\/posts\/62593\/revisions"}],"wp:attachment":[{"href":"https:\/\/dralvarez.com.mx\/larevista\/wp-json\/wp\/v2\/media?parent=62593"}],"wp:term":[{"taxonomy":"category","embeddable":true,"href":"https:\/\/dralvarez.com.mx\/larevista\/wp-json\/wp\/v2\/categories?post=62593"},{"taxonomy":"post_tag","embeddable":true,"href":"https:\/\/dralvarez.com.mx\/larevista\/wp-json\/wp\/v2\/tags?post=62593"}],"curies":[{"name":"wp","href":"https:\/\/api.w.org\/{rel}","templated":true}]}}