{"id":62588,"date":"2018-02-23T00:00:00","date_gmt":"2018-02-23T06:00:00","guid":{"rendered":"https:\/\/dralvarez.com.mx\/larevista\/blog\/fpg-realiza-primera-junta-de-gobierno-de-2018-22325"},"modified":"2018-02-23T00:00:00","modified_gmt":"2018-02-23T06:00:00","slug":"fpg-realiza-primera-junta-de-gobierno-de-2018-22325","status":"publish","type":"post","link":"https:\/\/dralvarez.com.mx\/larevista\/compeche\/fpg-realiza-primera-junta-de-gobierno-de-2018-22325","title":{"rendered":"FPG realiza primera Junta de Gobierno de 2018"},"content":{"rendered":"<p>Durante la Primera Sesi\u00f3n Ordinaria de la Junta de Gobierno del a\u00f1o 2018 de la Fundaci\u00f3n Pablo Garc\u00eda (FPG) se inform\u00f3 acerca de las actividades desarrolladas en el Trimestre octubre-diciembre 2017, destac\u00e1ndose el incremento del 60 por ciento en la Recuperaci\u00f3n de Becas Cr\u00e9dito de Posgrado, con respecto al mismo trimestre del a\u00f1o anterior; la publicaci\u00f3n de resultados y lanzamiento de convocatorias de distintos programas, y como parte del Programa de Disciplina Presupuestal se tuvo un  ahorro de energ\u00eda el\u00e9ctrica en un 10.81 por ciento anual.<\/p>\n<p>La Sesi\u00f3n fue encabezada por el director general de la FPG, Jorge Esquivel Ruiz, y el director de Coordinaci\u00f3n y Gesti\u00f3n Presupuestal para ODES, David Chac\u00f3n Gonz\u00e1lez, en representaci\u00f3n del titular de la Secretar\u00eda de Educaci\u00f3n del Estado de Campeche (SEDUC), Ricardo Medina Farf\u00e1n; cont\u00e1ndose con la asistencia de los Enlaces del Gabinete Estatal  que conforman esta Junta de Gobierno. <\/p>\n<p>Asimismo, Esquivel Ruiz dio a conocer que en comparaci\u00f3n con el mismo trimestre del 2016, en el periodo comprendido de octubre a diciembre del a\u00f1o pasado se tuvo un incremento del 60 por ciento en el Programa de Recuperaci\u00f3n de Becas-Cr\u00e9dito de Posgrado.<\/p>\n<p>Detall\u00f3 que el importe total recuperado del programa antes citado en el cuarto trimestre del 2016 fue de 250 mil 569.99 pesos, mientras que en el mismo periodo pero del 2017, se logr\u00f3 recuperar por parte de los becarios convenidos para devoluci\u00f3n de beca un monto por 416 mil 409.57 pesos.<\/p>\n<p>Indic\u00f3 que lo anterior es resultado de la labor desempe\u00f1ada al reforzar el Programa Emergente de Acciones de Cobranza y Recuperaci\u00f3n de Becas-Cr\u00e9dito, con lo cual se busca seguir apoyando a m\u00e1s j\u00f3venes en la Entidad en programas de estudios para maestr\u00eda, doctorado o una especialidad, cuya prioridad es para disciplinas que responden a los ejes y objetivos del  Plan Estatal de Desarrollo 2015-2021.<\/p>\n<p>En el rubro de las actividades acad\u00e9micas, el funcionario estatal report\u00f3 que se dieron a conocer resultados de los programas Becas Nacionales para Educaci\u00f3n Superior Manutenci\u00f3n Campeche y el componente + Apoyo tu Transporte, de Becas Cr\u00e9dito de Posgrado, B\u00e9calos Media Superior y Beca Escolar SEDUC; adem\u00e1s del lanzamiento de la convocatoria del programa Arte y Cultura 2017-2018.<\/p>\n<p>Por \u00faltimo, el funcionario estatal se\u00f1al\u00f3 que en el Programa de Disciplina Presupuestal, en el periodo del trimestre que comprende los mes de octubre, noviembre y diciembre, se tuvo un ahorro en Gastos por Concepto de enger\u00eda el\u00e9ctrica en un 10.81 por ciento, en comparaci\u00f3n con el mismo per\u00edodo comprendido en el 2016; por  lo que para el Ejercicio 2018 se mantendr\u00e1 el horario de trabajo del personal de 08:00 a 16:00 horas de lunes a viernes.<\/p>\n","protected":false},"excerpt":{"rendered":"<p>Se inform\u00f3 acerca de las actividades desarrolladas en el Trimestre octubre-diciembre 2017.<\/p>\n","protected":false},"author":1018,"featured_media":0,"comment_status":"open","ping_status":"open","sticky":false,"template":"","format":"standard","meta":{"tdm_status":"","tdm_grid_status":"","footnotes":""},"categories":[27],"tags":[],"_links":{"self":[{"href":"https:\/\/dralvarez.com.mx\/larevista\/wp-json\/wp\/v2\/posts\/62588"}],"collection":[{"href":"https:\/\/dralvarez.com.mx\/larevista\/wp-json\/wp\/v2\/posts"}],"about":[{"href":"https:\/\/dralvarez.com.mx\/larevista\/wp-json\/wp\/v2\/types\/post"}],"author":[{"embeddable":true,"href":"https:\/\/dralvarez.com.mx\/larevista\/wp-json\/wp\/v2\/users\/1018"}],"replies":[{"embeddable":true,"href":"https:\/\/dralvarez.com.mx\/larevista\/wp-json\/wp\/v2\/comments?post=62588"}],"version-history":[{"count":0,"href":"https:\/\/dralvarez.com.mx\/larevista\/wp-json\/wp\/v2\/posts\/62588\/revisions"}],"wp:attachment":[{"href":"https:\/\/dralvarez.com.mx\/larevista\/wp-json\/wp\/v2\/media?parent=62588"}],"wp:term":[{"taxonomy":"category","embeddable":true,"href":"https:\/\/dralvarez.com.mx\/larevista\/wp-json\/wp\/v2\/categories?post=62588"},{"taxonomy":"post_tag","embeddable":true,"href":"https:\/\/dralvarez.com.mx\/larevista\/wp-json\/wp\/v2\/tags?post=62588"}],"curies":[{"name":"wp","href":"https:\/\/api.w.org\/{rel}","templated":true}]}}