{"id":62585,"date":"2018-02-23T00:00:00","date_gmt":"2018-02-23T06:00:00","guid":{"rendered":"https:\/\/dralvarez.com.mx\/larevista\/blog\/christelle-castanon-de-moreno-reinaugura-el-cdc-granjas-22322"},"modified":"2018-02-23T00:00:00","modified_gmt":"2018-02-23T06:00:00","slug":"christelle-castanon-de-moreno-reinaugura-el-cdc-granjas-22322","status":"publish","type":"post","link":"https:\/\/dralvarez.com.mx\/larevista\/compeche\/christelle-castanon-de-moreno-reinaugura-el-cdc-granjas-22322","title":{"rendered":"Christelle Casta\u00f1\u00f3n de Moreno reinaugura el CDC \u201cGranjas\u201d"},"content":{"rendered":"<p>\u201cM\u00e1s de 200 personas, entre ni\u00f1as, ni\u00f1os, adolescentes y adultos, que forman parte del alumnado del Centro de Desarrollo Comunitario (CDC) \u201cGranjas\u201d, cuentan ya con un espacio digno donde aprenden una actividad art\u00edstica y\/o cultural, o en su caso un oficio, esto, producto del trabajo en equipo\u201d, signific\u00f3  la Presidenta del Patronato del DIF Estatal, Christelle Casta\u00f1\u00f3n de Moreno, durante la reinauguraci\u00f3n de dicho CDC, que tiene a su cargo la promotora titular de la Secretar\u00eda de Desarrollo Urbano, Obras P\u00fablicas e Infraestructura (SEDUOPI), Esperanza Abreu de Buenfil.<\/p>\n<p>Reconoci\u00f3 y felicit\u00f3 a la promotora por el inter\u00e9s de impulsar el funcionamiento de este espacio, dignificando sus instalaciones, donde tuvieran las herramientas para realizar sus actividades para el beneficio de ustedes y de sus familias.<\/p>\n<p>\u201cEl compromiso de mi esposo, el Gobernador del Estado, Alejandro Moreno C\u00e1rdenas, desde el inicio de su administraci\u00f3n ha sido transformar la vida de las familias campechanas, por eso se est\u00e1n transformando en Centros de Desarrollo Integral; quiero invitarlos a cuidarlo y mantenerlo en perfectas condiciones\u201d, se\u00f1al\u00f3.<\/p>\n<p>Casta\u00f1\u00f3n de Moreno precis\u00f3 que constantemente realiza visitas a los Centros para conocer a los alumnos y las actividades que realizan, \u201cy en cada uno se nota el entusiasmo de las personas de todas las edades, de los diversos talleres, por ello seguiremos fortaleciendo  desde el DIF Estatal los programas sociales con el respaldo del Presidente de la Rep\u00fablica, Enrique Pe\u00f1a Nieto, y de su esposa, Ang\u00e9lica Rivera de Pe\u00f1a, que tienen la convicci\u00f3n de que las familias mejoren su calidad de vida\u201d, dijo.<\/p>\n<p>En su momento, la Promotora Abreu de Buenfil dio la bienvenida, agradeci\u00f3 la visita de Casta\u00f1\u00f3n de Moreno y su inter\u00e9s por estar siempre pendiente de las personas que menos tienen; reconoci\u00f3 a las instructoras por su calidad humana con que realizan la ense\u00f1anza, as\u00ed como a las instituciones  que colaboran para que funcione el Centro.<\/p>\n<p>Explic\u00f3 que los trabajos de la remodelaci\u00f3n consistieron en la construcci\u00f3n de la segunda planta, se sustituyeron los techos de l\u00e1mina por techos de concreto, las instalaciones el\u00e9ctricas, construcci\u00f3n de un consultorio y de una peque\u00f1a bodega, suministro de mobiliario, ventiladores de techo y de pedestal, creaci\u00f3n del sal\u00f3n de baile y activaci\u00f3n f\u00edsica, se construyeron dos ba\u00f1os en el piso superior y el ba\u00f1o de la planta baja se acondicion\u00f3 para personas con discapacidad y tambi\u00e9n se rehabilit\u00f3 la rampa de entrada; asimismo, se colocaron pisos y puertas nuevas, se instalaron pasamanos y letreros, todo ello, para reforzar la seguridad del alumnado.<\/p>\n<p>Tambi\u00e9n se dot\u00f3 de equipo al taller de cocina, la donaci\u00f3n de bocina con tripi\u00e9  y micr\u00f3fono, as\u00ed como bastidores para urdido de hamaca; se modific\u00f3 la fachada y se pint\u00f3 por dentro y fuera todo el centro.<\/p>\n<p>Antes de concluir, los asistentes realizaron un recorrido por la exposici\u00f3n de trabajos realizados por alumnos de los 12 diferentes cursos fijos y tres temporales (fisioterapia, iniciaci\u00f3n al futbol y  elaboraci\u00f3n de sandalias de macram\u00e9) y disfrutaron de la presentaci\u00f3n de un cuadro de baile de los alumnos del taller, con la interpretaci\u00f3n de la canci\u00f3n \u201cLinda Tierra M\u00eda\u201d; por su parte, en representaci\u00f3n de los alumnos, Alejandra Chan Cant\u00fan, del taller de urdido, agradeci\u00f3 la oportunidad de mejorar su econom\u00eda familiar.<\/p>\n<p>Acompa\u00f1aron a Casta\u00f1\u00f3n de Moreno, la Directora General del DIF, Silvia Elena Parrao Arceo; la Directora de Desarrollo Familiar y Voluntariado, Sonia Castilla Trevi\u00f1o; el Director del Instituto de Capacitaci\u00f3n para el Trabajo del Estado de Campeche (ICATCAM), Carlos Eduardo Ortiz Pi\u00f1era; y en representaci\u00f3n del Rector de la Universidad Aut\u00f3noma de Campeche (UAC), Gerardo Montero, Norma Nava de Montero.<\/p>\n","protected":false},"excerpt":{"rendered":"<p>M\u00e1s de 200 personas cuentan ya con un espacio digno donde aprenden una actividad art\u00edstica y\/o cultural, o en su caso un oficio.<\/p>\n","protected":false},"author":1018,"featured_media":0,"comment_status":"open","ping_status":"open","sticky":false,"template":"","format":"standard","meta":{"tdm_status":"","tdm_grid_status":"","footnotes":""},"categories":[27],"tags":[],"_links":{"self":[{"href":"https:\/\/dralvarez.com.mx\/larevista\/wp-json\/wp\/v2\/posts\/62585"}],"collection":[{"href":"https:\/\/dralvarez.com.mx\/larevista\/wp-json\/wp\/v2\/posts"}],"about":[{"href":"https:\/\/dralvarez.com.mx\/larevista\/wp-json\/wp\/v2\/types\/post"}],"author":[{"embeddable":true,"href":"https:\/\/dralvarez.com.mx\/larevista\/wp-json\/wp\/v2\/users\/1018"}],"replies":[{"embeddable":true,"href":"https:\/\/dralvarez.com.mx\/larevista\/wp-json\/wp\/v2\/comments?post=62585"}],"version-history":[{"count":0,"href":"https:\/\/dralvarez.com.mx\/larevista\/wp-json\/wp\/v2\/posts\/62585\/revisions"}],"wp:attachment":[{"href":"https:\/\/dralvarez.com.mx\/larevista\/wp-json\/wp\/v2\/media?parent=62585"}],"wp:term":[{"taxonomy":"category","embeddable":true,"href":"https:\/\/dralvarez.com.mx\/larevista\/wp-json\/wp\/v2\/categories?post=62585"},{"taxonomy":"post_tag","embeddable":true,"href":"https:\/\/dralvarez.com.mx\/larevista\/wp-json\/wp\/v2\/tags?post=62585"}],"curies":[{"name":"wp","href":"https:\/\/api.w.org\/{rel}","templated":true}]}}