{"id":62584,"date":"2018-02-23T00:00:00","date_gmt":"2018-02-23T06:00:00","guid":{"rendered":"https:\/\/dralvarez.com.mx\/larevista\/blog\/el-desarrollo-de-campeche-se-consolida-desde-la-educacion-medina-farfan-22321"},"modified":"2018-02-23T00:00:00","modified_gmt":"2018-02-23T06:00:00","slug":"el-desarrollo-de-campeche-se-consolida-desde-la-educacion-medina-farfan-22321","status":"publish","type":"post","link":"https:\/\/dralvarez.com.mx\/larevista\/compeche\/el-desarrollo-de-campeche-se-consolida-desde-la-educacion-medina-farfan-22321","title":{"rendered":"El desarrollo de Campeche se consolida desde la educaci\u00f3n: Medina Farf\u00e1n"},"content":{"rendered":"<p>\u201cPara tener una educaci\u00f3n de calidad, se debe trabajar desde una perspectiva integral, que permita brindar a los ni\u00f1os, ni\u00f1as y j\u00f3venes una posibilidad de desarrollo, que cuenten con el apoyo para formarse acad\u00e9micamente e impulsar su talento, que sean personas felices, y cuenten con herramientas que les permitan tener certeza y rumbo porque al asegurar contar con personas con estas condiciones,  garantizamos el desarrollo de Campeche y eso nos permite crecer en grande\u201d, afirm\u00f3  el titular de la Secretar\u00eda de Educaci\u00f3n de Campeche (SEDUC), Ricardo Miguel Medina Farf\u00e1n, al encabezar una gira de trabajo por el municipio de Carmen.<\/p>\n<p>Desde muy temprano, el funcionario estatal particip\u00f3 en el arranque del ciclo de conferencias \u201cCreciendo en Familia\u201d, impartido por el pedagogo internacional, Vidal Schmill, durante las cuales se orienta a madres y padres de familia sobre estrategias y acciones para educar a sus hijos de manera sana y prevenir riesgos.<\/p>\n<p>Estas conferencias, dijo el titular de la SEDUC, se consolidaron en un trabajo coordinado entre el Sistema DIF Estatal y la dependencia a su cargo, y se realizar\u00e1n de manera consecutiva del 22 de febrero al 1 de marzo, en los municipios de Carmen, Champot\u00f3n, Campeche, Calkin\u00ed y Hecelchak\u00e1n, con los temas \u201cEduca no lastimes\u201d y \u201cC\u00f3mo prevenir conductas de riesgo\u201d.<\/p>\n<p>Posteriormente, Medina Farf\u00e1n se traslad\u00f3 al Domo del Mar, donde fue part\u00edcipe del desarrollo del concierto \u201cOperaci\u00f3n Felicidad\u201d que, bajo la tem\u00e1tica \u00bfQu\u00e9 hago con mi vida?, atendi\u00f3 a j\u00f3venes del CETIS 20, CETMAR y CONALEP de Ciudad del Carmen. En esta actividad se promovi\u00f3 entre los estudiantes de nivel bachillerato, la reflexi\u00f3n y formaci\u00f3n de su proyecto de vida.<\/p>\n<p>Este proyecto que se est\u00e1 desarrollando en todo el Estado, desde el pasado 14 de febrero y hasta el pr\u00f3ximo 2 de marzo, permitir\u00e1 atender a m\u00e1s de 16 mil j\u00f3venes de nivel medio superior y orientarlos para tomar decisiones asertivas que en un futuro redunden en que tengan una mejor calidad de vida.<\/p>\n<p>Despu\u00e9s, en el auditorio Xicalango, del edificio de Vinculaci\u00f3n de la Universidad Aut\u00f3noma de Carmen (UNACAR), Medina Farf\u00e1n, acompa\u00f1ado del titular de la Fundaci\u00f3n Pablo Garc\u00eda (FPG), Jorge Esquivel Ruiz, hizo entrega del programa de Becas Escolares SEDUC y del programa de Becas de Manutenci\u00f3n, en beneficio de 591 alumnos de educaci\u00f3n b\u00e1sica y nivel superior, con una inversi\u00f3n superior a los cinco millones de pesos para el ciclo escolar 2017-2018.<\/p>\n<p>En este acto se inform\u00f3 que en Carmen son 79 alumnos atendidos con el programa de Becas Escolares SEDUC, entre alumnos de nuevo ingreso y renovantes, con un monto de 158 mil pesos; en tanto que en el programa Beca de Manutenci\u00f3n son 512 j\u00f3venes beneficiarios, de los cuales 91 reciben tambi\u00e9n apoyo de trasporte, con una inversi\u00f3n total de cinco millones 63 mil 440 pesos.<\/p>\n<p>Ante los beneficiarios y padres de familia, el titular de la SEDUC refiri\u00f3 que estos apoyos que otorga el Gobierno del Estado, que encabeza Alejandro Moreno C\u00e1rdenas, son un est\u00edmulo al buen desempe\u00f1o de los beneficiarios y permiten, tambi\u00e9n, motivarles para que no dejen de estudiar y contin\u00faen prepar\u00e1ndose para ser profesionales de excelencia.<\/p>\n<p>Por \u00faltimo, el titular de la SEDUC realiz\u00f3 la entrega de premios a los docentes ganadores del certamen \u201cLa mejor ficha pedag\u00f3gica original campechana\u201d, organizado por la Coordinaci\u00f3n del Programa de Escuelas de Tiempo Completo (PETC), en la Escuela Primaria \u201cClaudio Cort\u00e9s Castro\u201d, de la comunidad de Isla Aguada.<\/p>\n<p>Ah\u00ed, la coordinadora del PETC, Yamile Novelo Rej\u00f3n, inform\u00f3 que este concurso estuvo orientado a docentes de escuelas incorporadas a este programa, para que crearan material educativo, en video, que ofreciera un conjunto de actividades pedag\u00f3gicas a fin de desarrollar y ejercitar habilidades intelectuales en las ni\u00f1as y ni\u00f1os que atienden.<\/p>\n<p>Fue as\u00ed que de 31 trabajos recibidos, se dictamin\u00f3 ganadora del primer lugar a Greysi Paola Solis Cruz, de la escuela \u201cClaudio Cort\u00e9s Castro\u201d; el segundo lugar fue para Jorge Alfonso Dzib Qui, del centro escolar \u201cEl Pipila\u201d, de la localidad de Los Manantiales, Carmen; y el tercer puesto para Elmer Efra\u00edn Sunza Esquivel, de la primaria \u201cMiguel Hidalgo y Costilla\u201d, de la comunidad de Lag\u00f3n Dulce, Palizada; los docentes recibieron un est\u00edmulo por 10, cinco y tres mil pesos, respectivamente; del  mismo modo, la escuela de la docente que obtuvo el primer lugar recibi\u00f3 un reconocimiento y un premio de dos mil 500 pesos.<\/p>\n<p>Al hacer uso de la palabra, el titular de la SEDUC refrend\u00f3 el compromiso que tiene por hacer que los docentes campechanos se mantengan como los mejores del pa\u00eds, al igual de trabajar para continuar consolidando las acciones de mejora de los colegios de la geograf\u00eda estatal y ofrecer educaci\u00f3n de calidad a las ni\u00f1as, ni\u00f1os y j\u00f3venes.<\/p>\n","protected":false},"excerpt":{"rendered":"<p>Titular de la SEDUC realiza gira de trabajo por el municipio del Carmen.<\/p>\n","protected":false},"author":1018,"featured_media":0,"comment_status":"open","ping_status":"open","sticky":false,"template":"","format":"standard","meta":{"tdm_status":"","tdm_grid_status":"","footnotes":""},"categories":[27],"tags":[],"_links":{"self":[{"href":"https:\/\/dralvarez.com.mx\/larevista\/wp-json\/wp\/v2\/posts\/62584"}],"collection":[{"href":"https:\/\/dralvarez.com.mx\/larevista\/wp-json\/wp\/v2\/posts"}],"about":[{"href":"https:\/\/dralvarez.com.mx\/larevista\/wp-json\/wp\/v2\/types\/post"}],"author":[{"embeddable":true,"href":"https:\/\/dralvarez.com.mx\/larevista\/wp-json\/wp\/v2\/users\/1018"}],"replies":[{"embeddable":true,"href":"https:\/\/dralvarez.com.mx\/larevista\/wp-json\/wp\/v2\/comments?post=62584"}],"version-history":[{"count":0,"href":"https:\/\/dralvarez.com.mx\/larevista\/wp-json\/wp\/v2\/posts\/62584\/revisions"}],"wp:attachment":[{"href":"https:\/\/dralvarez.com.mx\/larevista\/wp-json\/wp\/v2\/media?parent=62584"}],"wp:term":[{"taxonomy":"category","embeddable":true,"href":"https:\/\/dralvarez.com.mx\/larevista\/wp-json\/wp\/v2\/categories?post=62584"},{"taxonomy":"post_tag","embeddable":true,"href":"https:\/\/dralvarez.com.mx\/larevista\/wp-json\/wp\/v2\/tags?post=62584"}],"curies":[{"name":"wp","href":"https:\/\/api.w.org\/{rel}","templated":true}]}}