{"id":62573,"date":"2018-02-23T00:00:00","date_gmt":"2018-02-23T06:00:00","guid":{"rendered":"https:\/\/dralvarez.com.mx\/larevista\/blog\/entrega-reconocimientos-como-empleado-del-mes-a-168-servidores-publicos-22310"},"modified":"2018-02-23T00:00:00","modified_gmt":"2018-02-23T06:00:00","slug":"entrega-reconocimientos-como-empleado-del-mes-a-168-servidores-publicos-22310","status":"publish","type":"post","link":"https:\/\/dralvarez.com.mx\/larevista\/compeche\/entrega-reconocimientos-como-empleado-del-mes-a-168-servidores-publicos-22310","title":{"rendered":"Entrega reconocimientos como \u201cEmpleado del mes\u201d a 168 servidores p\u00fablicos"},"content":{"rendered":"<p>En representaci\u00f3n del Gobernador del Estado, Alejandro Moreno C\u00e1rdenas, el titular de la Secretar\u00eda de Administraci\u00f3n e Innovaci\u00f3n Gubernamental (SAIG), Gustavo Ortiz Gonz\u00e1lez, entreg\u00f3 a 168 servidores p\u00fablicos estatales reconocimientos como \u201cEmpleado distinguido del Mes\u201d, correspondientes a los meses de noviembre, diciembre y enero, de las distintas dependencias y organismos que integran la Administraci\u00f3n P\u00fablica Estatal.<\/p>\n<p>Durante el convivio con los trabajadores reconocidos, el titular de la SAIG felicit\u00f3 a los homenajeados y, en nombre del Gobernador, agradeci\u00f3 la labor diaria y comprometida que realizan para que se cumplan con los objetivos de Gobierno. Finalmente, los exhort\u00f3 a continuar con el trabajo de excelencia que les ha permitido ser reconocidos e incentivar a sus compa\u00f1eros para que tambi\u00e9n sean reconocidos con este distintivo.<\/p>\n<p><\/p>\n","protected":false},"excerpt":{"rendered":"<p>Entregan a 168 servidores p\u00fablicos estatales reconocimientos como \u201cEmpleado distinguido del Mes\u201d.<\/p>\n","protected":false},"author":1018,"featured_media":0,"comment_status":"open","ping_status":"open","sticky":false,"template":"","format":"standard","meta":{"tdm_status":"","tdm_grid_status":"","footnotes":""},"categories":[27],"tags":[],"_links":{"self":[{"href":"https:\/\/dralvarez.com.mx\/larevista\/wp-json\/wp\/v2\/posts\/62573"}],"collection":[{"href":"https:\/\/dralvarez.com.mx\/larevista\/wp-json\/wp\/v2\/posts"}],"about":[{"href":"https:\/\/dralvarez.com.mx\/larevista\/wp-json\/wp\/v2\/types\/post"}],"author":[{"embeddable":true,"href":"https:\/\/dralvarez.com.mx\/larevista\/wp-json\/wp\/v2\/users\/1018"}],"replies":[{"embeddable":true,"href":"https:\/\/dralvarez.com.mx\/larevista\/wp-json\/wp\/v2\/comments?post=62573"}],"version-history":[{"count":0,"href":"https:\/\/dralvarez.com.mx\/larevista\/wp-json\/wp\/v2\/posts\/62573\/revisions"}],"wp:attachment":[{"href":"https:\/\/dralvarez.com.mx\/larevista\/wp-json\/wp\/v2\/media?parent=62573"}],"wp:term":[{"taxonomy":"category","embeddable":true,"href":"https:\/\/dralvarez.com.mx\/larevista\/wp-json\/wp\/v2\/categories?post=62573"},{"taxonomy":"post_tag","embeddable":true,"href":"https:\/\/dralvarez.com.mx\/larevista\/wp-json\/wp\/v2\/tags?post=62573"}],"curies":[{"name":"wp","href":"https:\/\/api.w.org\/{rel}","templated":true}]}}