{"id":62572,"date":"2018-02-23T00:00:00","date_gmt":"2018-02-23T06:00:00","guid":{"rendered":"https:\/\/dralvarez.com.mx\/larevista\/blog\/capacitacion-en-materia-de-proteccion-civil-en-el-cobacam-22309"},"modified":"2018-02-23T00:00:00","modified_gmt":"2018-02-23T06:00:00","slug":"capacitacion-en-materia-de-proteccion-civil-en-el-cobacam-22309","status":"publish","type":"post","link":"https:\/\/dralvarez.com.mx\/larevista\/compeche\/capacitacion-en-materia-de-proteccion-civil-en-el-cobacam-22309","title":{"rendered":"Capacitaci\u00f3n en materia de protecci\u00f3n civil en el COBACAM"},"content":{"rendered":"<p>El Colegio de Bachilleres del Estado de Campeche (COBACAM), en coordinaci\u00f3n con la Secretar\u00eda de Protecci\u00f3n Civil (SEPROCI), dio inicio a una serie de capacitaciones en materia de protecci\u00f3n civil para el personal de sus 37 centros educativos; cabe destacar que en el primer Curso de Capacitaci\u00f3n para Brigadas de Protecci\u00f3n Civil, participaron docentes, administrativos y directivos, provenientes de seis centros educativos. En su oportunidad, la Directora de Educaci\u00f3n Continua, Gloria Castro Mena, en representaci\u00f3n de la Directora General, Adlemi Santiago Ram\u00edrez, expres\u00f3 que los cursos se dar\u00e1n en ocho sedes: Campeche, Champot\u00f3n, Esc\u00e1rcega, Calkin\u00ed, Candelaria, Xpujil, Aguacatal y Atasta. Con estas acciones se busca fortalecer las medidas de seguridad de los Centros Educativos, y as\u00ed brindar espacios m\u00e1s seguros a los j\u00f3venes estudiantes.<\/p>\n<p><\/p>\n","protected":false},"excerpt":{"rendered":"<p>Para el personal de sus 37 centros educativos.<\/p>\n","protected":false},"author":1018,"featured_media":0,"comment_status":"open","ping_status":"open","sticky":false,"template":"","format":"standard","meta":{"tdm_status":"","tdm_grid_status":"","footnotes":""},"categories":[27],"tags":[],"_links":{"self":[{"href":"https:\/\/dralvarez.com.mx\/larevista\/wp-json\/wp\/v2\/posts\/62572"}],"collection":[{"href":"https:\/\/dralvarez.com.mx\/larevista\/wp-json\/wp\/v2\/posts"}],"about":[{"href":"https:\/\/dralvarez.com.mx\/larevista\/wp-json\/wp\/v2\/types\/post"}],"author":[{"embeddable":true,"href":"https:\/\/dralvarez.com.mx\/larevista\/wp-json\/wp\/v2\/users\/1018"}],"replies":[{"embeddable":true,"href":"https:\/\/dralvarez.com.mx\/larevista\/wp-json\/wp\/v2\/comments?post=62572"}],"version-history":[{"count":0,"href":"https:\/\/dralvarez.com.mx\/larevista\/wp-json\/wp\/v2\/posts\/62572\/revisions"}],"wp:attachment":[{"href":"https:\/\/dralvarez.com.mx\/larevista\/wp-json\/wp\/v2\/media?parent=62572"}],"wp:term":[{"taxonomy":"category","embeddable":true,"href":"https:\/\/dralvarez.com.mx\/larevista\/wp-json\/wp\/v2\/categories?post=62572"},{"taxonomy":"post_tag","embeddable":true,"href":"https:\/\/dralvarez.com.mx\/larevista\/wp-json\/wp\/v2\/tags?post=62572"}],"curies":[{"name":"wp","href":"https:\/\/api.w.org\/{rel}","templated":true}]}}