{"id":62570,"date":"2018-02-23T00:00:00","date_gmt":"2018-02-23T06:00:00","guid":{"rendered":"https:\/\/dralvarez.com.mx\/larevista\/blog\/se-amplia-fecha-limite-de-registro-para-participar-en-disena-el-cambio-joven-seduc-22307"},"modified":"2018-02-23T00:00:00","modified_gmt":"2018-02-23T06:00:00","slug":"se-amplia-fecha-limite-de-registro-para-participar-en-disena-el-cambio-joven-seduc-22307","status":"publish","type":"post","link":"https:\/\/dralvarez.com.mx\/larevista\/compeche\/se-amplia-fecha-limite-de-registro-para-participar-en-disena-el-cambio-joven-seduc-22307","title":{"rendered":"Se ampl\u00eda fecha l\u00edmite de registro para participar en dise\u00f1a el cambio joven: SEDUC"},"content":{"rendered":"<p>La Secretar\u00eda de Educaci\u00f3n del Estado de Campeche (SEDUC), a trav\u00e9s de la Coordinaci\u00f3n de Participaci\u00f3n Social, da a conocer que la fecha de registro para participar en el programa \u201cDise\u00f1a el Cambio Joven 2018\u201d se ampli\u00f3 hasta el pr\u00f3ximo 04 de marzo, acci\u00f3n que permitir\u00e1 un mayor n\u00famero de proyectos de estudiantes de educaci\u00f3n media superior y superior, se sumen y sean parte de esta importante actividad que se desarrolla en todo el pa\u00eds.<\/p>\n<p>Lidia Berr\u00f3n Osorno, responsable de esta coordinaci\u00f3n en la SEDUC, destac\u00f3 que \u201cDise\u00f1a el Cambio\u201d es un programa que en M\u00e9xico es ejecutado por la fundaci\u00f3n Educar Uno, con el prop\u00f3sito de incentivar a ni\u00f1as, ni\u00f1os y j\u00f3venes a la creaci\u00f3n de proyectos que permitan transformar su entorno y a su vez generar el empoderamiento.<\/p>\n<p>Signific\u00f3 que en el caso de \u201cDise\u00f1a el Cambio Joven\u201d busca que alumnos universitarios y bachillerato mejoren su comunidad, generen acciones para transformar su escuela o su zona de influencia convirti\u00e9ndolos as\u00ed en promotores de acciones positivas.<\/p>\n<p>Es por ello, y para otorgar mayores posibilidades de generar trabajos de impacto social, que la funcionaria de SEDUC refiri\u00f3 que se ha ampliado el proceso de inscripci\u00f3n a los interesados, por lo que tendr\u00e1n hasta el pr\u00f3ximo 4 de marzo para sumarse.<\/p>\n<p>Mencion\u00f3 que en este concurso pueden participar j\u00f3venes principalmente de bachilleratos y universidades, pero tambi\u00e9n, si fuere el caso, podr\u00edan sumarse j\u00f3venes que aunque no sean parte de estos niveles educativos, pero que est\u00e9n en edad de cursarla (a partir de los 16 a\u00f1os);  pueden conformar equipos de trabajo de  seis integrantes, designando entre ellos, a un representante qui\u00e9n realizar\u00e1 la inscripci\u00f3n del equipo y enviar\u00e1 las evidencias de su proyecto.<\/p>\n<p>\u201cLos equipos deben desarrollar un proyecto que impulse el cambio favorable en su comunidad a trav\u00e9s de las cuatro l\u00edneas que maneja el programa que son: siente, imagina, haz y comparte; los 10 proyectos con mayor impacto a nivel nacional ser\u00e1n reconocidos y el mejor de estos podr\u00e1 asistir a la premiaci\u00f3n anual que, gracias a su notable participaci\u00f3n en ediciones anteriores, el Estado de Campeche tendr\u00e1 el honor de ser sede el pr\u00f3ximo 6 y 7 de septiembre\u201d, puntualiz\u00f3.<\/p>\n<p>En este sentido, convoc\u00f3 a todos los j\u00f3venes estudiantes de las diversas escuelas de media superior y superior, inscribir sus proyectos en la p\u00e1gina <a target=\"_blank\" rel=\"nofollow noopener\" href=\"http:\/\/www.disenaelcambio.com\/joven\">www.disenaelcambio.com\/joven<\/a>  para que con su trabajo y dedicaci\u00f3n logren transformar sus comunidades.<\/p>\n","protected":false},"excerpt":{"rendered":"<p>Se ampli\u00f3 hasta el pr\u00f3ximo 04 de marzo.<\/p>\n","protected":false},"author":1018,"featured_media":0,"comment_status":"open","ping_status":"open","sticky":false,"template":"","format":"standard","meta":{"tdm_status":"","tdm_grid_status":"","footnotes":""},"categories":[27],"tags":[],"_links":{"self":[{"href":"https:\/\/dralvarez.com.mx\/larevista\/wp-json\/wp\/v2\/posts\/62570"}],"collection":[{"href":"https:\/\/dralvarez.com.mx\/larevista\/wp-json\/wp\/v2\/posts"}],"about":[{"href":"https:\/\/dralvarez.com.mx\/larevista\/wp-json\/wp\/v2\/types\/post"}],"author":[{"embeddable":true,"href":"https:\/\/dralvarez.com.mx\/larevista\/wp-json\/wp\/v2\/users\/1018"}],"replies":[{"embeddable":true,"href":"https:\/\/dralvarez.com.mx\/larevista\/wp-json\/wp\/v2\/comments?post=62570"}],"version-history":[{"count":0,"href":"https:\/\/dralvarez.com.mx\/larevista\/wp-json\/wp\/v2\/posts\/62570\/revisions"}],"wp:attachment":[{"href":"https:\/\/dralvarez.com.mx\/larevista\/wp-json\/wp\/v2\/media?parent=62570"}],"wp:term":[{"taxonomy":"category","embeddable":true,"href":"https:\/\/dralvarez.com.mx\/larevista\/wp-json\/wp\/v2\/categories?post=62570"},{"taxonomy":"post_tag","embeddable":true,"href":"https:\/\/dralvarez.com.mx\/larevista\/wp-json\/wp\/v2\/tags?post=62570"}],"curies":[{"name":"wp","href":"https:\/\/api.w.org\/{rel}","templated":true}]}}