{"id":62567,"date":"2018-02-23T00:00:00","date_gmt":"2018-02-23T06:00:00","guid":{"rendered":"https:\/\/dralvarez.com.mx\/larevista\/blog\/dif-estatal-invita-al-curso-de-capacitacion-autoempleo-en-la-especialidad-de-preparacion-de-alimentos-22303"},"modified":"2018-02-23T00:00:00","modified_gmt":"2018-02-23T06:00:00","slug":"dif-estatal-invita-al-curso-de-capacitacion-autoempleo-en-la-especialidad-de-preparacion-de-alimentos-22303","status":"publish","type":"post","link":"https:\/\/dralvarez.com.mx\/larevista\/compeche\/dif-estatal-invita-al-curso-de-capacitacion-autoempleo-en-la-especialidad-de-preparacion-de-alimentos-22303","title":{"rendered":"DIF Estatal invita al curso de capacitaci\u00f3n \u201cAutoempleo en la especialidad de preparaci\u00f3n de alimentos\u201d"},"content":{"rendered":"<p>El Sistema Estatal para el Desarrollo Integral de la Familia (DIF), en coordinaci\u00f3n con la Secretar\u00eda del Trabajo y Previsi\u00f3n Social (STPS), el Servicio Nacional de Empleo (SNE Campeche) y la Secretar\u00eda de Trabajo y Previsi\u00f3n Social de Campeche (STPSCAM), invitan a mujeres y hombres con discapacidad al curso de capacitaci\u00f3n \u201cAutoempleo, en la especialidad de Preparaci\u00f3n de Alimentos\u201d.<\/p>\n<p>Este curso est\u00e1 dirigido a personas con discapacidad entre 18 y 70 a\u00f1os de edad, que cuenten con escolaridad m\u00ednima de preparatoria; las inscripciones son completamente gratuitas y tendr\u00e1 cupo limitado, por lo que se invita a los interesados acudir a las oficinas del SNE Campeche, ubicadas en la calle 53, n\u00famero 2, por calle 8, Centro Hist\u00f3rico, o comunicarse al  816-34-50 para cualquier duda. Los requisitos indispensables para participar son presentar la Clave \u00danica de Registro de Poblaci\u00f3n (CURP), identificaci\u00f3n vigente, comprobante de domicilio actualizado, constancias de estudio y credencial nacional de discapacidad, como requisito indispensable, en caso de no contar con ella se puede tramitar en la Direcci\u00f3n de Atenci\u00f3n Social y Discapacidad del DIF Estatal.<\/p>\n","protected":false},"excerpt":{"rendered":"<p>Invitan a mujeres y hombres con discapacidad.<\/p>\n","protected":false},"author":1018,"featured_media":0,"comment_status":"open","ping_status":"open","sticky":false,"template":"","format":"standard","meta":{"tdm_status":"","tdm_grid_status":"","footnotes":""},"categories":[27],"tags":[],"_links":{"self":[{"href":"https:\/\/dralvarez.com.mx\/larevista\/wp-json\/wp\/v2\/posts\/62567"}],"collection":[{"href":"https:\/\/dralvarez.com.mx\/larevista\/wp-json\/wp\/v2\/posts"}],"about":[{"href":"https:\/\/dralvarez.com.mx\/larevista\/wp-json\/wp\/v2\/types\/post"}],"author":[{"embeddable":true,"href":"https:\/\/dralvarez.com.mx\/larevista\/wp-json\/wp\/v2\/users\/1018"}],"replies":[{"embeddable":true,"href":"https:\/\/dralvarez.com.mx\/larevista\/wp-json\/wp\/v2\/comments?post=62567"}],"version-history":[{"count":0,"href":"https:\/\/dralvarez.com.mx\/larevista\/wp-json\/wp\/v2\/posts\/62567\/revisions"}],"wp:attachment":[{"href":"https:\/\/dralvarez.com.mx\/larevista\/wp-json\/wp\/v2\/media?parent=62567"}],"wp:term":[{"taxonomy":"category","embeddable":true,"href":"https:\/\/dralvarez.com.mx\/larevista\/wp-json\/wp\/v2\/categories?post=62567"},{"taxonomy":"post_tag","embeddable":true,"href":"https:\/\/dralvarez.com.mx\/larevista\/wp-json\/wp\/v2\/tags?post=62567"}],"curies":[{"name":"wp","href":"https:\/\/api.w.org\/{rel}","templated":true}]}}