{"id":62566,"date":"2018-02-23T00:00:00","date_gmt":"2018-02-23T06:00:00","guid":{"rendered":"https:\/\/dralvarez.com.mx\/larevista\/blog\/el-titular-de-sectur-se-reunio-con-el-director-general-del-inah-22302"},"modified":"2018-02-23T00:00:00","modified_gmt":"2018-02-23T06:00:00","slug":"el-titular-de-sectur-se-reunio-con-el-director-general-del-inah-22302","status":"publish","type":"post","link":"https:\/\/dralvarez.com.mx\/larevista\/compeche\/el-titular-de-sectur-se-reunio-con-el-director-general-del-inah-22302","title":{"rendered":"El titular de SECTUR  se reuni\u00f3 con el Director General del INAH"},"content":{"rendered":"<p>Como parte de las acciones de coordinaci\u00f3n con los tres niveles de gobierno, el titular de la Secretar\u00eda de Turismo (SECTUR), Jorge Manos Esparragoza, se reuni\u00f3 con el Director General del Instituto Nacional de Antropolog\u00eda e Historia (INAH), Diego Prieto Hern\u00e1ndez, con el objetivo de analizar los proyectos propuestos para el a\u00f1o 2018 y que han sido presentados a SECTUR Federal; teniendo como \u00e1reas prioritarias las zonas arqueol\u00f3gicas de Edzn\u00e1 y Calakmul, considerando que han crecido en el n\u00famero de visitantes en los \u00faltimos a\u00f1os y siendo necesario mejorar los servicios y fortalecer la infraestructura. En dicha reuni\u00f3n estuvieron presentes Jos\u00e9 Mu\u00f1oz Bonilla, Coordinador Nacional de Centros INAH; Mar\u00eda Guadalupe Espinosa Rodr\u00edguez, encargada del despacho de la Direcci\u00f3n de Operaci\u00f3n de Sitios; y Antonio Benavides Castillo, Delegado del INAH en Campeche.<\/p>\n","protected":false},"excerpt":{"rendered":"<p>Como parte de las acciones de coordinaci\u00f3n con los tres niveles de gobierno.<\/p>\n","protected":false},"author":1018,"featured_media":0,"comment_status":"open","ping_status":"open","sticky":false,"template":"","format":"standard","meta":{"tdm_status":"","tdm_grid_status":"","footnotes":""},"categories":[27],"tags":[],"_links":{"self":[{"href":"https:\/\/dralvarez.com.mx\/larevista\/wp-json\/wp\/v2\/posts\/62566"}],"collection":[{"href":"https:\/\/dralvarez.com.mx\/larevista\/wp-json\/wp\/v2\/posts"}],"about":[{"href":"https:\/\/dralvarez.com.mx\/larevista\/wp-json\/wp\/v2\/types\/post"}],"author":[{"embeddable":true,"href":"https:\/\/dralvarez.com.mx\/larevista\/wp-json\/wp\/v2\/users\/1018"}],"replies":[{"embeddable":true,"href":"https:\/\/dralvarez.com.mx\/larevista\/wp-json\/wp\/v2\/comments?post=62566"}],"version-history":[{"count":0,"href":"https:\/\/dralvarez.com.mx\/larevista\/wp-json\/wp\/v2\/posts\/62566\/revisions"}],"wp:attachment":[{"href":"https:\/\/dralvarez.com.mx\/larevista\/wp-json\/wp\/v2\/media?parent=62566"}],"wp:term":[{"taxonomy":"category","embeddable":true,"href":"https:\/\/dralvarez.com.mx\/larevista\/wp-json\/wp\/v2\/categories?post=62566"},{"taxonomy":"post_tag","embeddable":true,"href":"https:\/\/dralvarez.com.mx\/larevista\/wp-json\/wp\/v2\/tags?post=62566"}],"curies":[{"name":"wp","href":"https:\/\/api.w.org\/{rel}","templated":true}]}}