{"id":62539,"date":"2018-02-22T00:00:00","date_gmt":"2018-02-22T06:00:00","guid":{"rendered":"https:\/\/dralvarez.com.mx\/larevista\/blog\/gobernador-amc-firma-convenio-con-titular-de-la-conadic-22273"},"modified":"2018-02-22T00:00:00","modified_gmt":"2018-02-22T06:00:00","slug":"gobernador-amc-firma-convenio-con-titular-de-la-conadic-22273","status":"publish","type":"post","link":"https:\/\/dralvarez.com.mx\/larevista\/compeche\/gobernador-amc-firma-convenio-con-titular-de-la-conadic-22273","title":{"rendered":"Gobernador AMC firma convenio con titular de la CONADIC"},"content":{"rendered":"<\/p>\n<p>El gobernador Alejandro Moreno<br \/>\nC\u00e1rdenas y el titular de la Comisi\u00f3n<br \/>\nNacional contra las Adicciones (Conadic), Manuel<br \/>\nMondrag\u00f3n y Kalb, firmaron un convenio de colaboraci\u00f3n para fortalecer los<br \/>\nprogramas de prevencion y tratamiento de las adicciones como el alcoholismo, el<br \/>\ntabaquismo y la farmacodependencia.<\/p>\n<p>Ante el  comisionado Nacional de Protecci\u00f3n Social en<br \/>\nSalud, Antonio Chemor Ruiz, el jefe del ejecutivo estatal indic\u00f3 que la<br \/>\nprevenci\u00f3n y el tratamiento de las adicciones tiene que ser todos los d\u00edas con<br \/>\nel compromiso de brindar mayor seguridad, tranquilidad, armon\u00eda y paz social,<br \/>\npero tambi\u00e9n se debe de contar con la participaci\u00f3n de todos los sectores para<br \/>\nhacer grandes campa\u00f1as de difusi\u00f3n.<\/p>\n<p>Sostuvo que su gobierno se ha<br \/>\ncomprometido con respaldar a los j\u00f3venes campechanos en su formaci\u00f3n acad\u00e9mica para<br \/>\ngarantizar que los t\u00edtulos profesionales se conviertan en empleos reales y<br \/>\ntengan mayores oportunidades de \u00e9xito, por lo que en las pr\u00f3ximas semanas se<br \/>\nentregar\u00e1n m\u00e1s equipos de c\u00f3mputo a alumnos de los niveles medio superior y<br \/>\nsuperior.<\/p>\n<p>Destac\u00f3 que mientras en los<br \/>\n\u00faltimos quince a\u00f1os, en el estado se distribuyeron poco m\u00e1s de 10 mil 500<br \/>\nequipos, en tan s\u00f3lo dos a\u00f1os de su gobierno, en un esfuerzo sin precedentes y con<br \/>\nel respaldo total del presidente Enrique Pe\u00f1a Nieto, se han entregado m\u00e1s de 25<br \/>\nmil computabletas y laptops.  <\/p>\n<p>En tanto, el titular de la Conadic<br \/>\ndijo que el convenio suscrito refleja el inter\u00e9s que tienen las instituciones,<br \/>\npadres de familia y maestros para mantener a los j\u00f3venes alejados de las<br \/>\ndrogas, ya que la adicci\u00f3n a los estupefacientes se puede generar de una sola<br \/>\nexperiencia, y si no se atiende puede ocasionar da\u00f1os f\u00edsicos, deserci\u00f3n<br \/>\nescolar y violencia familiar, e incluso la muerte.<\/p>\n<p>Ante m\u00e1s de 300 estudiantes del Cecytec,<br \/>\nCobacam y del Instituto Campechano, especific\u00f3 que la encuesta realizada a<br \/>\nnivel nacional por el Instituto de Psiquiatr\u00eda arroj\u00f3 que el a\u00f1o pasado 90 mil<br \/>\nmenores de entre 10 y 11 a\u00f1os, consumieron un tabaco diario; mientras que un<br \/>\nmill\u00f3n de j\u00f3venes, de 12 a 17 a\u00f1os, ingirieron por lo menos cinco copas de<br \/>\nalcohol y 890 mil j\u00f3venes, que oscilan entre los 12 y 17 a\u00f1os, usaron drogas<br \/>\nilegales, el 90 por ciento fue marihuana.<\/p>\n<p>Precis\u00f3 que la \u00fanica manera de prevenir las<br \/>\nadicciones es brindando la informaci\u00f3n adecuada por lo que es necesaria la<br \/>\nparticipaci\u00f3n de todos los sectores para poder salir adelante. <\/p>\n<p>Al t\u00e9rmino de su intervenci\u00f3n, Mondrag\u00f3n y Kalb tom\u00f3 protesta al gobernador Moreno<br \/>\nC\u00e1rdenas y funcionarios de su gabinete como integrantes del  Consejo Estatal contra las Adicciones.<\/p>\n<p>Por su parte, el secretario estatal<br \/>\nde Salud, Rafael Rodr\u00edguez Cabrera, quien tambi\u00e9n suscribi\u00f3 el acuerdo, destac\u00f3<br \/>\nque con el fin de dar resultados en el tema contra las adicciones, se formaron 11<br \/>\ncomit\u00e9s municipales y una coalici\u00f3n comunitaria para trabajar en conjunto.<\/p>\n<p>Explic\u00f3 que el Consejo Estatal<br \/>\ncontra las Adicciones del Estado de Campeche promover\u00e1 la participaci\u00f3n<br \/>\nciudadana para la prevenci\u00f3n; formular\u00e1 propuestas en el \u00e1mbito de sus<br \/>\nrespectivas competencias para la operaci\u00f3n de los programas en materia de<br \/>\nprevenci\u00f3n y atenci\u00f3n de las adicciones; brindar\u00e1 apoyo para la atenci\u00f3n y<br \/>\nseguimiento ante las autoridades competentes, e impulsar\u00e1 la implementaci\u00f3n de<br \/>\nmecanismos de justicia alternativa para personas con consumo de sustancias<br \/>\npsicoactivas en conflicto con la ley, entre otras acciones.<\/p>\n<p>Asistieron tambi\u00e9n a la firma de<br \/>\nconvenio, los titulares del poder Legislativo y Judicial, Ram\u00f3n Mendez Lanz y<br \/>\nMiguel Angel Chuc L\u00f3pez, respectivamente; el alcalde Edgar Hern\u00e1ndez Hern\u00e1ndez<br \/>\ny el secretario T\u00e9cnico del Consejo Estatal contra las Adicciones, Gilberto<br \/>\nGarc\u00eda Salazar.<\/p>\n<p><b>Palabras del Gobernador Alejandro Moreno C\u00e1rdenas <\/b><\/p>\n<p>Muy buenas tardes, amigas y amigos que hoy nos acompa\u00f1an. Quiero agradecer la presencia de todos y de cada uno de ustedes, principalmente, de los j\u00f3venes que hoy se encuentran aqu\u00ed, con todos y cada uno de nosotros. Y quiero aprovechar, en el marco de este evento tan importante, en la firma de este convenio con la Comisi\u00f3n Nacional Contra las Adicciones, para compartir con ustedes reflexiones y comentarios que nos ayudan a seguir trabajando todos y cada uno de los d\u00edas para construir el mejor Campeche de todos los tiempos para nuestros j\u00f3venes, para ustedes, para que tengan m\u00e1s y mejores oportunidades y para que trasciendan, con el tiempo y a trav\u00e9s del tiempo, construyendo las mejores cosas para nuestro Estado.<\/p>\n<p>Por ello, le agradezco much\u00edsimo, en este d\u00eda, que est\u00e9 aqu\u00ed presente en Campeche, en este evento, a quien sin duda conozco de hace muchos a\u00f1os\u2026 S\u00e9 que es un mexicano comprometido, un mexicano de valor, de valores; un mexicano de talento, un mexicano comprometido, un mexicano que ha salvado much\u00edsimas vidas a lo largo del tiempo, padre del alcohol\u00edmetro. Aqu\u00ed est\u00e1 el doctor Manuel Mondrag\u00f3n y Kalb, a quien conozco desde hace mucho tiempo, a quien quiero mucho y a quien respeto m\u00e1s. Y les digo ello, porque el alcohol causa la muerte, muchos accidentes, y fallecen much\u00edsimos ni\u00f1os, ni\u00f1as, j\u00f3venes, adultos, y no tiene edades.<\/p>\n<p>Y el doctor Mondrag\u00f3n y Kalb ha sido no s\u00f3lo un profesional, ha sido un conocedor, ha sido un implementador de pol\u00edticas p\u00fablicas en salud, para trabajar una parte y una esencia fundamental en nuestra vida, que es cuidarnos, que es protegernos. Y que es a trav\u00e9s de instituciones que trabajan en equipo como podemos dar m\u00e1s y mejores resultados. Por ello, tambi\u00e9n, en este trabajo en conjunto est\u00e1 presente un amigo y un aliado; y venimos de un evento y lo comparto con todos ustedes, con los j\u00f3venes que hoy est\u00e1n aqu\u00ed, venimos de entregar 25 ambulancias que se suman a 25 ambulancias que ya hab\u00edamos entregado. Y que en poco m\u00e1s de dos a\u00f1os, en 29 meses, hemos entregado 50 ambulancias s\u00f3lo del sistema estatal de salud, con gesti\u00f3n federal, con recursos federales y con el respaldo total del Presidente de la Rep\u00fablica, Enrique Pe\u00f1a Nieto.<\/p>\n<p>Quiero decirles que, pr\u00e1cticamente, estar\u00edamos entregando dos ambulancias por mes; y ello, sumado a las ambulancias del IMSS, a las ambulancias del ISSSTE, a las ambulancias que gestionan en la Cruz Roja\u2026 Todo ello para atender y cuidar a nuestra poblaci\u00f3n en todos y cada uno de los rincones de nuestro Estado.<\/p>\n<p>Por ello, tambi\u00e9n decirles a los j\u00f3venes que este equipo, eso es, un equipo de trabajo\u2026 Los titulares de los Poderes Legislativo y Judicial, los presidentes municipales que hoy nos acompa\u00f1an, los alumnos, las instituciones educativas, es el ejemplo claro de que s\u00f3lo trabajando en equipo podemos lograr buenas cosas para Campeche. La firma de este convenio es una firma importante porque como bien se ha dicho aqu\u00ed, la prevenci\u00f3n y el tratamiento contra las adicciones, eso tiene que ser todos los d\u00edas y de todos los que estamos aqu\u00ed.<\/p>\n<p>Es un compromiso diario y cotidiano, trabajar todos los d\u00edas para brindar mayores oportunidades, mayor seguridad, mayor armon\u00eda, mayor tranquilidad, mayor paz social y eso se construye todos los d\u00edas por todos los que estamos aqu\u00ed. A los j\u00f3venes de todas las instituciones hoy les digo, estamos trabajando como nunca, en este Gobierno, para que tengan m\u00e1s y mejores oportunidades ustedes; porque ustedes lo saben, tienen hermanos, tienen primos, tienen amigos que han terminado una carrera y no tienen un empleo.<\/p>\n<p>Y hoy, lo que tenemos que garantizar en Campeche es que los t\u00edtulos profesionales de los j\u00f3venes se conviertan en empleos reales. \u00bfY por qu\u00e9 lo quiero compartir con todas y con todos ustedes? Porque no es un discurso, no es venir aqu\u00ed y hablar en esta tribuna, es comprometernos, es trabajar todos los d\u00edas. Y a todos ustedes, a los j\u00f3venes que est\u00e1n aqu\u00ed, mujeres y hombres, les quiero compartir que aqu\u00ed en Campeche todos nos conocemos, sabemos las necesidades que tiene nuestro Estado y todos ustedes saben que a m\u00ed me cost\u00f3 much\u00edsimo trabajo llegar a ser Gobernador de Campeche.<\/p>\n<p>A m\u00ed, al igual que a ustedes, acud\u00ed a escuelas p\u00fablicas, estudi\u00e9 y me prepar\u00e9\u2026 Que yo vengo de una familia de clase media, modesta, como las muchas familias campechanas que est\u00e1n aqu\u00ed. Y se los digo con mucho afecto y con mucho aprecio, nadie nos va a regalar nada, ni nadie va a hacer por nosotros lo que nos toca hacer. Est\u00e1 en nosotros, est\u00e1 en cada uno de nosotros alcanzar nuestras metas. Hemos construido, por ponerles un ejemplo a los j\u00f3venes, para darles cifras y datos importantes, a los del pasado, a muchos de nosotros que somos mayores en a\u00f1os que ustedes, nos toc\u00f3 ser lectores, radioescuchas, televidentes y hoy, cibernautas.<\/p>\n<p>Las redes sociales, la era digital, han permitido la mayor difusi\u00f3n y la mayor amplitud en comunicaci\u00f3n, para difundir cosas buenas o cosas no buenas; pero hoy comparto con ustedes el tener ese compromiso para forjarnos, para construir con car\u00e1cter, con decisi\u00f3n y con actitud lo que ustedes quieren hacer en un futuro. Hay que cuidar, hay que tener buena salud, hay que hacer grandes campa\u00f1as de difusi\u00f3n pero todos los que estamos aqu\u00ed debemos de participar en ellas.<\/p>\n<p>Siempre he dicho que todos ustedes, si se ponen una meta, la van a alcanzar si trabajan todos los d\u00edas, si tienen dedicaci\u00f3n, si tienen actitud y si tienen voluntad. Y yo les comparto a todos que cuando entramos en mi gobierno, hab\u00eda grandes retos y grandes desaf\u00edos para incorporar a los j\u00f3venes\u2026 Ampliamos los programas m\u00e1s importantes y estaremos entregando, en las pr\u00f3ximas semanas y meses por venir, los equipos digitales, las computablets y laptops que entregamos en el Gobierno para que los j\u00f3venes tengan m\u00e1s y mejores oportunidades, en todo el nivel medio superior y superior.<\/p>\n<p>Y quiero decirles, a los j\u00f3venes, que hemos hecho un esfuerzo sin precedentes, que en los \u00faltimos quince a\u00f1os, en Campeche, para que registren ese dato, se hab\u00edan entregado poco m\u00e1s de 10 mil 500 equipos; y quiero decirles que tan s\u00f3lo en este a\u00f1o, estaremos entregando, en mi gobierno, m\u00e1s de 25 mil equipos y laptops, que es m\u00e1s del doble entregado en dos a\u00f1os que en los \u00faltimos quince a\u00f1os.<\/p>\n<p>Y muchos programas\u2026 Y tambi\u00e9n lo quiero decir porque muchos j\u00f3venes luego no tienen la oportunidad o no vienen a alguna presentaci\u00f3n en este Teatro maravilloso; este Teatro estuvo cerrado por muchos a\u00f1os, este Teatro as\u00ed como lo ven, cuando llegu\u00e9 de Gobernador no estaba en funciones y trabajando en equipo y con el respaldo del Presidente Pe\u00f1a, con recursos totalmente federales y con su apoyo, hoy tenemos est\u00e9 majestuoso Teatro, el Teatro Toro, para servicio de ustedes, para los j\u00f3venes que est\u00e1n ah\u00ed, para todos y para todas las familias campechanas.<\/p>\n<p>Y quiero terminar dici\u00e9ndoles algo a todas y a todos, los j\u00f3venes campechanos tienen talento, tienen capacidad y tienen preparaci\u00f3n; y quiero compartir algo con ustedes, muchas veces cuando voy a los centros educativos, a todas las instituciones, se me acercan los j\u00f3venes y me dicen: Oiga, Gobernador, nos gustar\u00eda mucho que fuera usted el padrino de nuestra generaci\u00f3n y queremos que nos ayude con esto, con aquello y lo hago con mucho gusto y mucho honor para m\u00ed.<\/p>\n<p>Porque tambi\u00e9n tuve la edad de ustedes\u2026 Hoy tengo 42 a\u00f1os, siempre les digo aunque parezca de 18 como muchos de los que est\u00e1n aqu\u00ed, o 17, pero tengo 42\u2026 Pero quiero decirles que s\u00f3lo les pido un requisito a los j\u00f3venes, uno, no s\u00f3lo que se preparen, que estudien, que tengan car\u00e1cter y que se sientan muy orgullosos. S\u00f3lo les pido que en esas graduaciones se hagan acompa\u00f1ar de sus padres y les voy a decir por qu\u00e9, porque recorro todo el Estado, visito todas las comunidades y muchas veces, en esas comunidades, se me acerca un ni\u00f1o y me dice: Soy humilde pero voy a la escuela, quiero una oportunidad.<\/p>\n<p>\u00bfPor qu\u00e9 invito a los pap\u00e1s? Porque muchos de esos j\u00f3venes, como ustedes, en muchas comunidades, sus pap\u00e1s son ejidatarios, son campesinos, trabajan en el servicio dom\u00e9stico en otras casas de campechanos y cada vez que les voy a entregar su carta de pasante o su carta de estudios, les digo: Si\u00e9ntete muy orgulloso de d\u00f3nde vienes, de d\u00f3nde est\u00e1s, y si\u00e9ntete muy orgulloso de tus padres porque gracias a su trabajo, a su esfuerzo y a su compromiso, t\u00fa vas a ser profesionista.<\/p>\n<p>Y ustedes tienen que tener claro que los padres de ustedes, que hacen un gran esfuerzo, que hacen un enorme sacrificio, lo que quieren es sentirse muy orgullosos de cada uno de los que est\u00e1n aqu\u00ed. Por eso, los convoco a que me ayuden, ay\u00fadenme a seguir construyendo el mejor Campeche de todos los tiempos. Los campechanos nos merecemos lo mejor, por eso traemos las mejores cosas, los mejores eventos, construimos la mejor infraestructura, porque los campechanos tenemos car\u00e1cter, tenemos orgullo, sabemos c\u00f3mo hacer las cosas y es el momento de demostrarle a M\u00e9xico de qu\u00e9 estamos hechos los campechanos; que sabemos trabajar en equipo y que sabemos construir la mayor grandeza que pueda tener este Estado.<\/p>\n<p>\u00bfY saben qu\u00e9? Eso s\u00f3lo se depende de nosotros, de los que estamos aqu\u00ed. Estoy convencido, plenamente convencido de que tenemos un pueblo con car\u00e1cter, con orgullo y con valor; que nadie nos ha regalado nada y que no tengan ni la menor duda de que, en mi gobierno, vamos a construir el mejor Campeche de la historia a favor de nuestra gente y a favor de nuestro pueblo. \u00a1Muchas gracias a todos y un gran abrazo a los j\u00f3venes que hoy est\u00e1n aqu\u00ed!<\/p>\n","protected":false},"excerpt":{"rendered":"<p>Con acuerdo se fortalecer\u00e1n acciones de prevenci\u00f3n y tratamiento de adicciones.<\/p>\n","protected":false},"author":1018,"featured_media":0,"comment_status":"open","ping_status":"open","sticky":false,"template":"","format":"standard","meta":{"tdm_status":"","tdm_grid_status":"","footnotes":""},"categories":[27],"tags":[],"_links":{"self":[{"href":"https:\/\/dralvarez.com.mx\/larevista\/wp-json\/wp\/v2\/posts\/62539"}],"collection":[{"href":"https:\/\/dralvarez.com.mx\/larevista\/wp-json\/wp\/v2\/posts"}],"about":[{"href":"https:\/\/dralvarez.com.mx\/larevista\/wp-json\/wp\/v2\/types\/post"}],"author":[{"embeddable":true,"href":"https:\/\/dralvarez.com.mx\/larevista\/wp-json\/wp\/v2\/users\/1018"}],"replies":[{"embeddable":true,"href":"https:\/\/dralvarez.com.mx\/larevista\/wp-json\/wp\/v2\/comments?post=62539"}],"version-history":[{"count":0,"href":"https:\/\/dralvarez.com.mx\/larevista\/wp-json\/wp\/v2\/posts\/62539\/revisions"}],"wp:attachment":[{"href":"https:\/\/dralvarez.com.mx\/larevista\/wp-json\/wp\/v2\/media?parent=62539"}],"wp:term":[{"taxonomy":"category","embeddable":true,"href":"https:\/\/dralvarez.com.mx\/larevista\/wp-json\/wp\/v2\/categories?post=62539"},{"taxonomy":"post_tag","embeddable":true,"href":"https:\/\/dralvarez.com.mx\/larevista\/wp-json\/wp\/v2\/tags?post=62539"}],"curies":[{"name":"wp","href":"https:\/\/api.w.org\/{rel}","templated":true}]}}