{"id":62537,"date":"2018-02-22T00:00:00","date_gmt":"2018-02-22T06:00:00","guid":{"rendered":"https:\/\/dralvarez.com.mx\/larevista\/blog\/el-dif-estatal-invita-a-la-conferencia-como-ser-mejor-mama-o-papa-22271"},"modified":"2018-02-22T00:00:00","modified_gmt":"2018-02-22T06:00:00","slug":"el-dif-estatal-invita-a-la-conferencia-como-ser-mejor-mama-o-papa-22271","status":"publish","type":"post","link":"https:\/\/dralvarez.com.mx\/larevista\/compeche\/el-dif-estatal-invita-a-la-conferencia-como-ser-mejor-mama-o-papa-22271","title":{"rendered":"El DIF Estatal invita a la conferencia: \u00bfC\u00f3mo Ser Mejor Mam\u00e1 o Pap\u00e1?"},"content":{"rendered":"<p>El Sistema Estatal para el Desarrollo Integral de la Familia (DIF), a trav\u00e9s de la Procuradur\u00eda de Protecci\u00f3n de Protecci\u00f3n de Ni\u00f1as, Ni\u00f1os y Adolescentes (PNNA), invita a los padres de familia y al p\u00fablico en general a la conferencia \u201c\u00bfC\u00f3mo Ser Mejor Mam\u00e1 o Pap\u00e1?\u201d, impartida por Ricardo Mart\u00edn Garc\u00eda Novelo, Juez Primero Oral Familiar del H. Tribunal Superior de Justicia del Estado de Campeche (TSJE), la cual se realizar\u00e1 el 23 de febrero a las 17:00 horas en el sal\u00f3n \u201cLilia Reyes de L\u00f3pez Hern\u00e1ndez\u201d de la Mansi\u00f3n Carvajal. Cabe se\u00f1alar que esta conferencia es un trabajo coordinado entre la PNNA, a trav\u00e9s del Centro de Atenci\u00f3n Psicosocial a Ni\u00f1as, Ni\u00f1os, y la Coordinaci\u00f3n de la Promoci\u00f3n y Difusi\u00f3n de los Derechos de las Ni\u00f1as, Ni\u00f1os y Adolescentes.<\/p>\n","protected":false},"excerpt":{"rendered":"<p>Impartida por Ricardo Mart\u00edn Garc\u00eda Novelo, Juez Primero Oral Familiar del TSJE.<\/p>\n","protected":false},"author":1018,"featured_media":0,"comment_status":"open","ping_status":"open","sticky":false,"template":"","format":"standard","meta":{"tdm_status":"","tdm_grid_status":"","footnotes":""},"categories":[27],"tags":[],"_links":{"self":[{"href":"https:\/\/dralvarez.com.mx\/larevista\/wp-json\/wp\/v2\/posts\/62537"}],"collection":[{"href":"https:\/\/dralvarez.com.mx\/larevista\/wp-json\/wp\/v2\/posts"}],"about":[{"href":"https:\/\/dralvarez.com.mx\/larevista\/wp-json\/wp\/v2\/types\/post"}],"author":[{"embeddable":true,"href":"https:\/\/dralvarez.com.mx\/larevista\/wp-json\/wp\/v2\/users\/1018"}],"replies":[{"embeddable":true,"href":"https:\/\/dralvarez.com.mx\/larevista\/wp-json\/wp\/v2\/comments?post=62537"}],"version-history":[{"count":0,"href":"https:\/\/dralvarez.com.mx\/larevista\/wp-json\/wp\/v2\/posts\/62537\/revisions"}],"wp:attachment":[{"href":"https:\/\/dralvarez.com.mx\/larevista\/wp-json\/wp\/v2\/media?parent=62537"}],"wp:term":[{"taxonomy":"category","embeddable":true,"href":"https:\/\/dralvarez.com.mx\/larevista\/wp-json\/wp\/v2\/categories?post=62537"},{"taxonomy":"post_tag","embeddable":true,"href":"https:\/\/dralvarez.com.mx\/larevista\/wp-json\/wp\/v2\/tags?post=62537"}],"curies":[{"name":"wp","href":"https:\/\/api.w.org\/{rel}","templated":true}]}}