{"id":62536,"date":"2018-02-22T00:00:00","date_gmt":"2018-02-22T06:00:00","guid":{"rendered":"https:\/\/dralvarez.com.mx\/larevista\/blog\/imparten-curso-uso-de-los-recursos-publicos-y-blindaje-electoral-a-servidores-publicos-de-la-secont-22270"},"modified":"2018-02-22T00:00:00","modified_gmt":"2018-02-22T06:00:00","slug":"imparten-curso-uso-de-los-recursos-publicos-y-blindaje-electoral-a-servidores-publicos-de-la-secont-22270","status":"publish","type":"post","link":"https:\/\/dralvarez.com.mx\/larevista\/compeche\/imparten-curso-uso-de-los-recursos-publicos-y-blindaje-electoral-a-servidores-publicos-de-la-secont-22270","title":{"rendered":"Imparten curso \u201cUso de los recursos p\u00fablicos y blindaje electoral\u201d a servidores p\u00fablicos de la SECONT"},"content":{"rendered":"<p>A efecto de capacitar a los servidores p\u00fablicos sobre qu\u00e9 pueden y qu\u00e9 no pueden hacer las instituciones de Gobierno durante el proceso electoral, la Secretar\u00eda de la Contralor\u00eda del Estado de Campeche (SECONT), en coordinaci\u00f3n con el Instituto Electoral del Estado de Campeche (IEEC), llev\u00f3 a cabo el curso de capacitaci\u00f3n \u201cUso de los Recursos P\u00fablicos y Blindaje Electoral\u201d, impartido por Mar\u00eda del Carmen Villagr\u00e1n Castillo, Coordinadora de Educaci\u00f3n C\u00edvica del IEEC.<\/p>\n<p>Este curso se realiz\u00f3 con el objetivo de crear conciencia en las y los servidores p\u00fablicos de la administraci\u00f3n p\u00fablica estatal, para que puedan identificar las conductas que afectan el desarrollo de la funci\u00f3n electoral, y de ese modo cumplir con los principios constitucionales y normas legales, que fortalezcan de las instituciones democr\u00e1ticas sobre la cultura de la legalidad y el incremento de la denuncia.<\/p>\n<p>Igualmente se exhort\u00f3 a los servidores p\u00fablicos a abstenerse de asistir o participar en actividades convocadas por los candidatos dentro de su jornada laboral, evitando incurrir en alg\u00fan delito electoral.<\/p>\n<p>Es importante resaltar los se\u00f1alamientos en la ejecuci\u00f3n de los recursos p\u00fablicos estipulados en el Art\u00edculo 290, Fracci\u00f3n VI de la Ley de Instituciones y Procedimientos Electorales del Estado de Campeche, la cual establece las penas y sanciones a quienes infrinjan la ley en esta materia, lo que conduce a una mayor prevenci\u00f3n, detecci\u00f3n y aplicaci\u00f3n de responsabilidades.<\/p>\n<p>Cabe destacar que es prioridad para la SECONT fomentar la capacitaci\u00f3n y actualizaci\u00f3n de su capital humano, propiciando reducir la incidencia de actos contrarios a la integridad, as\u00ed como promover el comportamiento \u00e9tico de los servidores p\u00fablicos, consolidando los procesos de rendici\u00f3n de cuentas y de transparencia gubernamental.<\/p>\n","protected":false},"excerpt":{"rendered":"<p>Con el fin de capacitarlos sobre qu\u00e9 pueden y qu\u00e9 no pueden hacer las instituciones de Gobierno durante el proceso electoral.<\/p>\n","protected":false},"author":1018,"featured_media":0,"comment_status":"open","ping_status":"open","sticky":false,"template":"","format":"standard","meta":{"tdm_status":"","tdm_grid_status":"","footnotes":""},"categories":[27],"tags":[],"_links":{"self":[{"href":"https:\/\/dralvarez.com.mx\/larevista\/wp-json\/wp\/v2\/posts\/62536"}],"collection":[{"href":"https:\/\/dralvarez.com.mx\/larevista\/wp-json\/wp\/v2\/posts"}],"about":[{"href":"https:\/\/dralvarez.com.mx\/larevista\/wp-json\/wp\/v2\/types\/post"}],"author":[{"embeddable":true,"href":"https:\/\/dralvarez.com.mx\/larevista\/wp-json\/wp\/v2\/users\/1018"}],"replies":[{"embeddable":true,"href":"https:\/\/dralvarez.com.mx\/larevista\/wp-json\/wp\/v2\/comments?post=62536"}],"version-history":[{"count":0,"href":"https:\/\/dralvarez.com.mx\/larevista\/wp-json\/wp\/v2\/posts\/62536\/revisions"}],"wp:attachment":[{"href":"https:\/\/dralvarez.com.mx\/larevista\/wp-json\/wp\/v2\/media?parent=62536"}],"wp:term":[{"taxonomy":"category","embeddable":true,"href":"https:\/\/dralvarez.com.mx\/larevista\/wp-json\/wp\/v2\/categories?post=62536"},{"taxonomy":"post_tag","embeddable":true,"href":"https:\/\/dralvarez.com.mx\/larevista\/wp-json\/wp\/v2\/tags?post=62536"}],"curies":[{"name":"wp","href":"https:\/\/api.w.org\/{rel}","templated":true}]}}