{"id":62519,"date":"2018-02-21T00:00:00","date_gmt":"2018-02-21T06:00:00","guid":{"rendered":"https:\/\/dralvarez.com.mx\/larevista\/blog\/inauguran-aula-de-medios-en-escuela-primaria-ninos-heroes-22253"},"modified":"2018-02-21T00:00:00","modified_gmt":"2018-02-21T06:00:00","slug":"inauguran-aula-de-medios-en-escuela-primaria-ninos-heroes-22253","status":"publish","type":"post","link":"https:\/\/dralvarez.com.mx\/larevista\/compeche\/inauguran-aula-de-medios-en-escuela-primaria-ninos-heroes-22253","title":{"rendered":"Inauguran aula de medios en escuela primaria \u201cNi\u00f1os H\u00e9roes\u201d"},"content":{"rendered":"<p>Al refrendar el compromiso por proveer los centros escolares del Estado con equipamiento que permita adquirir conocimientos en tecnolog\u00edas de la informaci\u00f3n, el titular de la Secretar\u00eda de Educaci\u00f3n del Estado de Campeche (SEDUC), Ricardo Medina Farf\u00e1n, inaugur\u00f3 el aula de medios de la Escuela Primaria \u201cNi\u00f1os H\u00e9roes\u201d, de la Unidad Habitacional Colonial Campeche, en la ciudad capital, misma que fue equipada con 18 computadoras en beneficio de las ni\u00f1as y ni\u00f1os que acuden a este centro escolar.<\/p>\n<p>Previo a la inauguraci\u00f3n, durante acto c\u00edvico desarrollado en la explanada de este centro educativo, el funcionario estatal se\u00f1al\u00f3 que esta nueva aula abre la oportunidad para reforzar los trabajos de ense\u00f1anza a trav\u00e9s de programas innovadores en materia de tecnolog\u00eda y programaci\u00f3n.<\/p>\n<p>En este sentido indic\u00f3 que, para lograr un aprendizaje integral, con el uso de los nuevos equipos de c\u00f3mputo, en breve se iniciar\u00e1 la capacitaci\u00f3n de los docentes para la implementaci\u00f3n del programa CUANTRIX que busca que alumnos de quinto y sexto grado conozcan conceptos y herramientas sobre programaci\u00f3n desde los niveles primarios.<\/p>\n<p>De igual manera se inform\u00f3 que esta aula digital fue instalada gracias al galard\u00f3n que obtuvo la escuela por parte de la fundaci\u00f3n UNETE y Fundaci\u00f3n Televisa al ser considerada, el ciclo escolar pasado, como una de las 10 mejores instituciones a nivel nacional en el concurso \u201cPap\u00e1s y mam\u00e1s en EducAcci\u00f3n\u201d.<\/p>\n<p>Dicho certamen consisti\u00f3 en convocar a madres y padres de familia para que, en conjunto con docentes y directivos, realicen proyectos que mejoren el desarrollo y aprendizaje de sus hijos.<\/p>\n","protected":false},"excerpt":{"rendered":"<p>Equipada con 18 computadoras en beneficio de las ni\u00f1as y ni\u00f1os que acuden a este centro escolar.<\/p>\n","protected":false},"author":1018,"featured_media":0,"comment_status":"open","ping_status":"open","sticky":false,"template":"","format":"standard","meta":{"tdm_status":"","tdm_grid_status":"","footnotes":""},"categories":[27],"tags":[],"_links":{"self":[{"href":"https:\/\/dralvarez.com.mx\/larevista\/wp-json\/wp\/v2\/posts\/62519"}],"collection":[{"href":"https:\/\/dralvarez.com.mx\/larevista\/wp-json\/wp\/v2\/posts"}],"about":[{"href":"https:\/\/dralvarez.com.mx\/larevista\/wp-json\/wp\/v2\/types\/post"}],"author":[{"embeddable":true,"href":"https:\/\/dralvarez.com.mx\/larevista\/wp-json\/wp\/v2\/users\/1018"}],"replies":[{"embeddable":true,"href":"https:\/\/dralvarez.com.mx\/larevista\/wp-json\/wp\/v2\/comments?post=62519"}],"version-history":[{"count":0,"href":"https:\/\/dralvarez.com.mx\/larevista\/wp-json\/wp\/v2\/posts\/62519\/revisions"}],"wp:attachment":[{"href":"https:\/\/dralvarez.com.mx\/larevista\/wp-json\/wp\/v2\/media?parent=62519"}],"wp:term":[{"taxonomy":"category","embeddable":true,"href":"https:\/\/dralvarez.com.mx\/larevista\/wp-json\/wp\/v2\/categories?post=62519"},{"taxonomy":"post_tag","embeddable":true,"href":"https:\/\/dralvarez.com.mx\/larevista\/wp-json\/wp\/v2\/tags?post=62519"}],"curies":[{"name":"wp","href":"https:\/\/api.w.org\/{rel}","templated":true}]}}