{"id":62518,"date":"2018-02-21T00:00:00","date_gmt":"2018-02-21T06:00:00","guid":{"rendered":"https:\/\/dralvarez.com.mx\/larevista\/blog\/christelle-castanon-de-moreno-asiste-a-presentacion-del-libro-artesanias-de-campeche-expresion-viva-de-nuestras-raices-22252"},"modified":"2018-02-21T00:00:00","modified_gmt":"2018-02-21T06:00:00","slug":"christelle-castanon-de-moreno-asiste-a-presentacion-del-libro-artesanias-de-campeche-expresion-viva-de-nuestras-raices-22252","status":"publish","type":"post","link":"https:\/\/dralvarez.com.mx\/larevista\/compeche\/christelle-castanon-de-moreno-asiste-a-presentacion-del-libro-artesanias-de-campeche-expresion-viva-de-nuestras-raices-22252","title":{"rendered":"Christelle Casta\u00f1\u00f3n de Moreno asiste a presentaci\u00f3n del libro \u201cArtesan\u00edas de Campeche: Expresi\u00f3n viva de nuestras ra\u00edces\u201d"},"content":{"rendered":"<p>La Presidenta del Patronato del DIF Estatal, Christelle Casta\u00f1\u00f3n de Moreno, reconoci\u00f3 el esfuerzo y la dedicaci\u00f3n de los artesanos y escritores por resaltar nuestra identidad, durante la presentaci\u00f3n del libro \u201cArtesan\u00edas de Campeche: Expresi\u00f3n Viva de Nuestras Ra\u00edces\u201d, que tuvo como escenario la tienda de Artesan\u00edas Tukuln\u00e1.<\/p>\n<p>En su intervenci\u00f3n, indic\u00f3 que el libro es el resultado y reflejo del trabajo de las manos artesanas y del amor que tiene su esposo, el Gobernador del Estado, Alejandro Moreno C\u00e1rdenas, por Campeche; de igual manera, agradeci\u00f3 a cada uno de los participantes, que han unido lo tradicional con lo moderno, donde el resultado est\u00e1 lleno de alegr\u00eda y color, \u201cpero esto no ser\u00eda posible sin el trabajo de los artesanos, a ellos siempre les decimos que no est\u00e1n solos, que con las instituciones involucradas siempre tendr\u00e1n el apoyo para lograr que la magia de sus artesan\u00edas sea una realidad\u201d, dijo.<\/p>\n<p>Precis\u00f3 que esta suma de esfuerzos cuenta con el respaldo del Presidente de la Rep\u00fablica, Enrique Pe\u00f1a Nieto y de Alejandro Moreno C\u00e1rdenas.<\/p>\n<p>Este libro re\u00fane el trabajo de diversos investigadores y escritores, entre ellos Silvia Molina, Jos\u00e9 Manuel Alcocer Bern\u00e9s, Cessia Chuc Uc, Socorro Rodr\u00edguez Ruiz y Lirio Su\u00e1rez Am\u00e9ndola, que plasmaron el trasfondo del origen, proceso y raz\u00f3n de ser de las artesan\u00edas desde su concepci\u00f3n.<\/p>\n<p>El libro \u201cArtesan\u00edas de Campeche\u201d compila en sus p\u00e1ginas el trabajo de artesanos campechanos en seis ramas, de acuerdo con las materias primas utilizadas para su creaci\u00f3n: textiles, fibras vegetales, tallado en madera, escamas, lek y cuerno de toro, donde predominan la imaginaci\u00f3n y creatividad de los artistas.<\/p>\n<p>Las artesan\u00edas  exponen por s\u00ed mismas la identidad de los pueblos, sus tradiciones vivas que pasan literalmente de mano a mano hasta llegar a su destino, mismas que son producto de la herencia cultural transmitida por generaciones; de gran importancia para los pueblos que le dan origen como para las instituciones que cobijan su permanencia.<\/p>\n<p>Muestra los objetos que el campechano de origen maya ha creado en su beneficio y el de los dem\u00e1s, a partir de la naturaleza y las materias primas que conviven junto a \u00e9l, y del c\u00f3mo de manera respetuosa con el medio ambiente han sabido utilizar los recursos evitando la sobreexplotaci\u00f3n, ya que esto acabar\u00eda con su producci\u00f3n, y lo que es peor, con su relaci\u00f3n con los dioses que la proveen.<\/p>\n<p>\u201cArtesan\u00edas de Campeche, expresi\u00f3n viva de nuestras ra\u00edces\u201d es una publicaci\u00f3n para que los lectores descubran nuestra riqueza cultural y piensen en lo que hay detr\u00e1s de cada pieza. Que har\u00e1 que se honre el trabajo de los artesanos de ver apreciado su trabajo como debe ser y presentado a muchos p\u00fablicos que sabr\u00e1n concebir el valor de los objetos con el coraz\u00f3n y esp\u00edritu de nuestros antepasados.<\/p>\n<p>Por su parte, el titular de la Secretar\u00eda de Cultura (SECULT), Delio Ricardo Carrillo P\u00e9rez, indic\u00f3 que las artesan\u00edas han dado la oportunidad a las manos ancestrales y es m\u00e1s que nada es el inter\u00e9s del Gobernador Alejandro Moreno C\u00e1rdenas, que es el mayor impulsor  de esta actividad; asimismo, agradeci\u00f3 a cada uno de los participantes que compilaron el libro.<\/p>\n<p>En tanto, la Directora del Instituto Estatal de Fomento de las Actividades Artesanales (INEFAAC), Marissa Moreno Parrao, ley\u00f3 el texto de presentaci\u00f3n del libro, y a nombre de la escritora Silvia Molina transmiti\u00f3 de manera detallada el sentir y alma del libro.<\/p>\n<p>Estuvieron presentes la Directora General del DIF, Silvia Elena Parrao Arceo, as\u00ed como autoridades estatales y municipales.<\/p>\n","protected":false},"excerpt":{"rendered":"<p>En su intervenci\u00f3n, indic\u00f3 que el libro es el resultado y reflejo del trabajo de las manos artesanas y del amor que tiene su esposo.<\/p>\n","protected":false},"author":1018,"featured_media":0,"comment_status":"open","ping_status":"open","sticky":false,"template":"","format":"standard","meta":{"tdm_status":"","tdm_grid_status":"","footnotes":""},"categories":[27],"tags":[],"_links":{"self":[{"href":"https:\/\/dralvarez.com.mx\/larevista\/wp-json\/wp\/v2\/posts\/62518"}],"collection":[{"href":"https:\/\/dralvarez.com.mx\/larevista\/wp-json\/wp\/v2\/posts"}],"about":[{"href":"https:\/\/dralvarez.com.mx\/larevista\/wp-json\/wp\/v2\/types\/post"}],"author":[{"embeddable":true,"href":"https:\/\/dralvarez.com.mx\/larevista\/wp-json\/wp\/v2\/users\/1018"}],"replies":[{"embeddable":true,"href":"https:\/\/dralvarez.com.mx\/larevista\/wp-json\/wp\/v2\/comments?post=62518"}],"version-history":[{"count":0,"href":"https:\/\/dralvarez.com.mx\/larevista\/wp-json\/wp\/v2\/posts\/62518\/revisions"}],"wp:attachment":[{"href":"https:\/\/dralvarez.com.mx\/larevista\/wp-json\/wp\/v2\/media?parent=62518"}],"wp:term":[{"taxonomy":"category","embeddable":true,"href":"https:\/\/dralvarez.com.mx\/larevista\/wp-json\/wp\/v2\/categories?post=62518"},{"taxonomy":"post_tag","embeddable":true,"href":"https:\/\/dralvarez.com.mx\/larevista\/wp-json\/wp\/v2\/tags?post=62518"}],"curies":[{"name":"wp","href":"https:\/\/api.w.org\/{rel}","templated":true}]}}