{"id":62503,"date":"2018-02-21T00:00:00","date_gmt":"2018-02-21T06:00:00","guid":{"rendered":"https:\/\/dralvarez.com.mx\/larevista\/blog\/se-encuentran-abiertas-las-inscripciones-a-la-campana-mano-dif-estatal-22237"},"modified":"2018-02-21T00:00:00","modified_gmt":"2018-02-21T06:00:00","slug":"se-encuentran-abiertas-las-inscripciones-a-la-campana-mano-dif-estatal-22237","status":"publish","type":"post","link":"https:\/\/dralvarez.com.mx\/larevista\/compeche\/se-encuentran-abiertas-las-inscripciones-a-la-campana-mano-dif-estatal-22237","title":{"rendered":"Se encuentran abiertas las inscripciones a la Campa\u00f1a Mano: DIF Estatal"},"content":{"rendered":"<\/p>\n<p>A las personas que presenten problemas articulares<br \/>\nen las manos, tumores, secuelas de quemaduras, fracturas mal solidificadas,<br \/>\ndedos en gatillo y otros padecimientos en las manos, se les informa que el<br \/>\nSistema Estatal para el Desarrollo Integral de la Familia (DIF), a trav\u00e9s de la<br \/>\nDirecci\u00f3n de Atenci\u00f3n Social y Discapacidad y en coordinaci\u00f3n con el Instituto<br \/>\nNacional de Rehabilitaci\u00f3n (INR) \u201cDr. Guillermo Ibarra Ibarra\u201d, inici\u00f3 las inscripciones<br \/>\npara corregir sus padecimientos y el tratamiento es completamente gratuito,<br \/>\ntanto para el paciente como para sus familiares.<\/p>\n<p>Para mayor informaci\u00f3n, los interesados pueden<br \/>\nacudir a la Coordinaci\u00f3n de Gesti\u00f3n M\u00e9dica, ubicada en la calle 8, edificio 303<br \/>\n(ex CENDI-ISSSTECAM), Centro Hist\u00f3rico, o en alguno de los 11 DIF Municipales,<br \/>\nen horario de 08:30 a 13:00 horas. Tienen hasta agosto para realizar sus<br \/>\ntr\u00e1mites. El programa es coordinado por Alejandro Espinosa Guti\u00e9rrez, del INR,<br \/>\nque junto a su equipo m\u00e9dico realizar\u00e1 valoraciones  y por consiguiente cirug\u00edas en el Hospital General<br \/>\nde Especialidades \u201cDr. Javier Buenfil Osorio\u201d.<\/p><\/p>\n","protected":false},"excerpt":{"rendered":"<p>A las personas que presenten problemas articulares en las manos, tumores, secuelas de quemaduras, fracturas mal solidificadas, dedos en gatillo y otro<\/p>\n","protected":false},"author":1018,"featured_media":0,"comment_status":"open","ping_status":"open","sticky":false,"template":"","format":"standard","meta":{"tdm_status":"","tdm_grid_status":"","footnotes":""},"categories":[27],"tags":[],"_links":{"self":[{"href":"https:\/\/dralvarez.com.mx\/larevista\/wp-json\/wp\/v2\/posts\/62503"}],"collection":[{"href":"https:\/\/dralvarez.com.mx\/larevista\/wp-json\/wp\/v2\/posts"}],"about":[{"href":"https:\/\/dralvarez.com.mx\/larevista\/wp-json\/wp\/v2\/types\/post"}],"author":[{"embeddable":true,"href":"https:\/\/dralvarez.com.mx\/larevista\/wp-json\/wp\/v2\/users\/1018"}],"replies":[{"embeddable":true,"href":"https:\/\/dralvarez.com.mx\/larevista\/wp-json\/wp\/v2\/comments?post=62503"}],"version-history":[{"count":0,"href":"https:\/\/dralvarez.com.mx\/larevista\/wp-json\/wp\/v2\/posts\/62503\/revisions"}],"wp:attachment":[{"href":"https:\/\/dralvarez.com.mx\/larevista\/wp-json\/wp\/v2\/media?parent=62503"}],"wp:term":[{"taxonomy":"category","embeddable":true,"href":"https:\/\/dralvarez.com.mx\/larevista\/wp-json\/wp\/v2\/categories?post=62503"},{"taxonomy":"post_tag","embeddable":true,"href":"https:\/\/dralvarez.com.mx\/larevista\/wp-json\/wp\/v2\/tags?post=62503"}],"curies":[{"name":"wp","href":"https:\/\/api.w.org\/{rel}","templated":true}]}}