{"id":62460,"date":"2018-02-20T00:00:00","date_gmt":"2018-02-20T06:00:00","guid":{"rendered":"https:\/\/dralvarez.com.mx\/larevista\/blog\/seguirle-apostando-al-desarrollo-de-mexico-convoca-gobernador-amc-a-empresarios-22192"},"modified":"2018-02-20T00:00:00","modified_gmt":"2018-02-20T06:00:00","slug":"seguirle-apostando-al-desarrollo-de-mexico-convoca-gobernador-amc-a-empresarios-22192","status":"publish","type":"post","link":"https:\/\/dralvarez.com.mx\/larevista\/compeche\/seguirle-apostando-al-desarrollo-de-mexico-convoca-gobernador-amc-a-empresarios-22192","title":{"rendered":"Seguirle apostando al desarrollo de M\u00e9xico, convoca Gobernador AMC a empresarios"},"content":{"rendered":"<\/p>\n<p>Al sostener que Campeche es una entidad segura, de<br \/>\npaz y armon\u00eda que garantiza el \u00e9xito de las inversiones, el gobernador<br \/>\nAlejandro Moreno C\u00e1rdenas convoc\u00f3 al sector empresarial de todo el pa\u00eds a<br \/>\nseguir apostando por el desarrollo de M\u00e9xico.<\/p>\n<p>Momentos antes de inaugurar el quinto evento de<br \/>\ncelebraci\u00f3n del Centenario de la Confederaci\u00f3n de C\u00e1maras Nacionales de<br \/>\nComercio y Servicios Tur\u00edsticos (Concanaco-Servytur), en presencia del<br \/>\nsecretario de Energ\u00eda, Pedro Joaqu\u00edn Coldwell y m\u00e1s de 200 presidentes<br \/>\nde c\u00e1maras de comercio del pa\u00eds, Moreno C\u00e1rdenas<br \/>\npuntualiz\u00f3 que los empresarios son parte fundamental de la construcci\u00f3n del<br \/>\nproyecto claro y contundente que necesita M\u00e9xico para seguir creciendo.<\/p>\n<p>\u201cLos convoco a que trabajemos juntos y en equipo, a<br \/>\nque pensemos primero en nuestro pa\u00eds. Hoy tenemos certeza, certidumbre y<br \/>\nclaridad en el desarrollo econ\u00f3mico, estabilidad social y pol\u00edtica, y tenemos<br \/>\nque cuidarla\u201d, asever\u00f3 el mandatario.<\/p>\n<p>Dijo que Campeche actualmente es un estado pujante<br \/>\nque est\u00e1 consolidando su desarrollo econ\u00f3mico, pues tras la crisis petrolera su<br \/>\ngobierno se estableci\u00f3 como meta fortalecer nuevas vocaciones productivas como<br \/>\nel turismo y la agroindustria.<\/p>\n<p>Agreg\u00f3 que tambi\u00e9n se comprometi\u00f3 a realizar m\u00e1s<br \/>\ninfraestructura, obra p\u00fablica y hacer de Campeche la entidad m\u00e1s segura del<br \/>\npa\u00eds, como actualmente lo avalan los estudios del Sistema Nacional de Seguridad<br \/>\nP\u00fablica y organismos ciudadanos encargados de las mediciones,  ya que son condiciones indispensables para atraer<br \/>\ninversiones.  <\/p>\n<p>Indic\u00f3 que con el respaldo<br \/>\ndel presidente Enrique Pe\u00f1a Nieto, en el mes de marzo, Campeche ser\u00e1 declarada Zona<br \/>\nEcon\u00f3mica Especial (ZEE) y contar\u00e1 no con uno, sino con dos pol\u00edgonos que se<br \/>\nlocalizar\u00e1n en Seybaplaya y Carmen, lo que permitir\u00e1 otorgar est\u00edmulos fiscales<br \/>\nimportantes y recibir m\u00e1s inversi\u00f3n privada.<\/p>\n<p>Subray\u00f3 que tambi\u00e9n<br \/>\nen el siguiente mes, por primera vez en su historia, el estado recibir\u00e1 la<br \/>\nprimera temporada de la ruta de cruceros <i>The<br \/>\nGran Mayan Experience,<\/i> con lo que se fortalecer\u00e1 el potencial que tiene en<br \/>\nsus riquezas naturales, culturales e hist\u00f3ricas como Calakmul, la Ciudad<br \/>\nAmurallada, Los Petenes y zonas arqueol\u00f3gicas.<\/p>\n<p>\u201cAqu\u00ed vemos como s\u00ed<br \/>\nse pueden las cosas, aqu\u00ed jam\u00e1s van a escuchar decir que no se puede, por eso<br \/>\ntrabajamos juntos para que aqu\u00ed haya mejores oportunidades\u201d, mencion\u00f3.<\/p>\n<p>Sostuvo que su gobierno<br \/>\ntrabaja en equipo con los empresarios para facilitar la llegada de m\u00e1s<br \/>\nnegocios, pues son ellos los que contribuyen a generar un ambiente de armon\u00eda<br \/>\nsocial, al abrir m\u00e1s oportunidades de empleo.<\/p>\n<p>Por su<br \/>\nparte, el vicepresidente nacional de la Concanaco-Servytur, Ricardo Navarro<br \/>\nBenites, en representaci\u00f3n de Enrique Solana Sent\u00edes, presidente del organismo,<br \/>\nmanifest\u00f3 que Campeche es una entidad con marcada vocaci\u00f3n tur\u00edstica  que ha generado para el pa\u00eds una importante<br \/>\nriqueza que es digna de destacar.<\/p>\n<p>Agreg\u00f3<br \/>\nque la Sonda de Campeche durante mucho tiempo fue una de las mayores zonas de<br \/>\nproducci\u00f3n de petr\u00f3leo, adem\u00e1s de que es una entidad que se reinventa as\u00ed misma<br \/>\ndebido a los cambios surgidos en el mercado de los hidrocarburos.<\/p>\n<p>Antes,<br \/>\nel presidente de la Canaco en Campeche, Jean Du Bar del Rio, resalt\u00f3 que las<br \/>\nzonas econ\u00f3micas especiales son el centro de un proyecto a gran escala que<br \/>\nimpactar\u00e1 el desarrollo de empresas locales fuertes. <\/p>\n<p>\u201cHoy,<br \/>\nnuevos vientos impulsan las velas del desarrollo, Campeche lo tiene todo, vemos<br \/>\ncon gran optimismo y entusiasmo los proyectos petroleros y de manufactura, y<br \/>\nestamos listos para sumarnos\u201d, finaliz\u00f3.<\/p>\n<p>Luego<br \/>\nde la inauguraci\u00f3n del evento, el secretario de Energ\u00eda, Pedro Joaqu\u00edn Coldwell,<br \/>\nimparti\u00f3 la conferencia magistral \u201cAvances de la Reforma Energ\u00e9tica\u201d, donde destac\u00f3<br \/>\nque las inversiones totales comprometidas van a rebasar los 200 mil millones de<br \/>\nd\u00f3lares al cierre de este a\u00f1o y que hasta la fecha, con los proyectos ya en<br \/>\nmarcha en exploraci\u00f3n y extracci\u00f3n de hidrocarburos, gasoductos o centrales<br \/>\nel\u00e9ctricas, hay ya comprometidos 175 mil millones de d\u00f3lares en inversi\u00f3n.<\/p>\n<p>El<br \/>\nfuncionario agreg\u00f3 que la cifra podr\u00eda crecer en al menos 25 mil millones de<br \/>\nd\u00f3lares m\u00e1s cuando se celebren dos nuevos concursos, la Ronda 3.1, en aguas<br \/>\nsomeras, y la 3.2, en \u00e1reas terrestres.<\/p>\n<p>Al<br \/>\nt\u00e9rmino de su conferencia, el secretario de Energ\u00eda recibi\u00f3 un reconocimiento<br \/>\npor su participaci\u00f3n en el quinto evento del Centenario de la Concanaco<br \/>\nServytur, de manos del vicepresidente nacional del organismo.<\/p>\n<p>Asistieron<br \/>\ntambi\u00e9n, el representante del Poder Legislativo, Ram\u00f3n Mendez Lanz; los<br \/>\ntitulares de las secretar\u00edas de Turismo y de Desarrollo Econ\u00f3mico, Jorge Manos<br \/>\nEsparragoza y Jos\u00e9 Domingo Berzunza Esp\u00ednola, respectivamente; el presidente<br \/>\ndel Consejo Coordinador Empresarial, Gustavo Rodr\u00edguez Valle; el vicepresidente<br \/>\nde la zona sur de la Concanaco, Ernesto P\u00e9rez Astorga, y el secretario general<br \/>\nde la Concanaco, Jorge Cervantes Arenas.<\/p><\/p>\n","protected":false},"excerpt":{"rendered":"<p>Preside con secretario de Energ\u00eda federal evento del Centenario de la CONCANACO-SERVYTUR.<\/p>\n","protected":false},"author":1018,"featured_media":0,"comment_status":"open","ping_status":"open","sticky":false,"template":"","format":"standard","meta":{"tdm_status":"","tdm_grid_status":"","footnotes":""},"categories":[27],"tags":[],"_links":{"self":[{"href":"https:\/\/dralvarez.com.mx\/larevista\/wp-json\/wp\/v2\/posts\/62460"}],"collection":[{"href":"https:\/\/dralvarez.com.mx\/larevista\/wp-json\/wp\/v2\/posts"}],"about":[{"href":"https:\/\/dralvarez.com.mx\/larevista\/wp-json\/wp\/v2\/types\/post"}],"author":[{"embeddable":true,"href":"https:\/\/dralvarez.com.mx\/larevista\/wp-json\/wp\/v2\/users\/1018"}],"replies":[{"embeddable":true,"href":"https:\/\/dralvarez.com.mx\/larevista\/wp-json\/wp\/v2\/comments?post=62460"}],"version-history":[{"count":0,"href":"https:\/\/dralvarez.com.mx\/larevista\/wp-json\/wp\/v2\/posts\/62460\/revisions"}],"wp:attachment":[{"href":"https:\/\/dralvarez.com.mx\/larevista\/wp-json\/wp\/v2\/media?parent=62460"}],"wp:term":[{"taxonomy":"category","embeddable":true,"href":"https:\/\/dralvarez.com.mx\/larevista\/wp-json\/wp\/v2\/categories?post=62460"},{"taxonomy":"post_tag","embeddable":true,"href":"https:\/\/dralvarez.com.mx\/larevista\/wp-json\/wp\/v2\/tags?post=62460"}],"curies":[{"name":"wp","href":"https:\/\/api.w.org\/{rel}","templated":true}]}}